{"id":41626,"date":"2026-09-03T16:08:07","date_gmt":"2026-09-03T19:08:07","guid":{"rendered":"https:\/\/faacz.com.br\/portal\/?p=41626"},"modified":"2026-09-03T16:08:08","modified_gmt":"2026-09-03T19:08:08","slug":"universitarios-da-faacz-levam-servicos-de-saude-psicologia-e-direito-aos-aracruzenses-no-dia-c","status":"publish","type":"post","link":"https:\/\/faacz.com.br\/portal\/universitarios-da-faacz-levam-servicos-de-saude-psicologia-e-direito-aos-aracruzenses-no-dia-c\/","title":{"rendered":"Universit\u00e1rios da FAACZ levam servi\u00e7os de Sa\u00fade, Psicologia e Direito aos aracruzenses no Dia C"},"content":{"rendered":"\n<p class=\"wp-block-paragraph\"><em>Estudantes dos cursos de Enfermagem, Psicologia e Direito participaram da a\u00e7\u00e3o promovida por Unimed, Sicredi e Sicoob, que levou servi\u00e7os e orienta\u00e7\u00f5es aos aracruzenses.<\/em><\/p>\n\n\n\n<figure class=\"wp-block-image aligncenter size-full\"><img fetchpriority=\"high\" decoding=\"async\" width=\"600\" height=\"450\" src=\"https:\/\/faacz.com.br\/portal\/wp-content\/uploads\/2026\/09\/foto_03_09_26_01.jpg\" alt=\"\" class=\"wp-image-41627\" srcset=\"https:\/\/faacz.com.br\/portal\/wp-content\/uploads\/2026\/09\/foto_03_09_26_01.jpg 600w, https:\/\/faacz.com.br\/portal\/wp-content\/uploads\/2026\/09\/foto_03_09_26_01-24x18.jpg 24w, https:\/\/faacz.com.br\/portal\/wp-content\/uploads\/2026\/09\/foto_03_09_26_01-36x27.jpg 36w, https:\/\/faacz.com.br\/portal\/wp-content\/uploads\/2026\/09\/foto_03_09_26_01-48x36.jpg 48w\" sizes=\"(max-width: 600px) 100vw, 600px\" \/><figcaption class=\"wp-element-caption\">Fotos: Divulga\u00e7\u00e3o.<\/figcaption><\/figure>\n\n\n\n<p class=\"wp-block-paragraph\">Aracruz recebeu, no dia 29 de agosto de 2026, mais uma edi\u00e7\u00e3o do <strong><a href=\"https:\/\/portal.ocbes.coop.br\/pt\/programasprojetos\/dia-de-cooperar-dia-c\/\" target=\"_blank\" rel=\"noopener\" title=\"\">Dia de Cooperar (Dia C),<\/a><\/strong> movimento do cooperativismo que promove a\u00e7\u00f5es de solidariedade, cidadania e cuidado com a comunidade. Realizado na Pra\u00e7a da Paz, das 8h \u00e0s 12h, o evento foi promovido pela <strong><a href=\"https:\/\/www.unimed.coop.br\/site\/sistema-unimed?utm_source=search&amp;utm_medium=cpc&amp;utm_campaign=alwayson&amp;utm_term=x_keywords_sistemas_institucional_x_x&amp;utm_content=search_alwayson_consideracao_trafego_cpc_br-ex-405-cidades_x_sistemas&amp;cd-contato=9&amp;gad_source=1&amp;gad_campaignid=19068363531&amp;gbraid=0AAAAADnYa56s4j4znYej_7vz6BmH0yvnU&amp;gclid=Cj0KCQjwzt_FBhCEARIsAJGFWVmrqgWrRsyjNCER9ZnHZcjBRPv9-AcxjIu8Z4Byjh0EY5mEufPVoDwaAq_sEALw_wcB\" target=\"_blank\" rel=\"noopener\" title=\"\">Unimed Piraquea\u00e7u,<\/a> <a href=\"https:\/\/www.sicredi.com.br\/home\/\" target=\"_blank\" rel=\"noopener\" title=\"\">Sicredi<\/a><\/strong> e <strong><a href=\"https:\/\/www.sicoob.com.br\/\" target=\"_blank\" rel=\"noopener\" title=\"\">Sicoob,<\/a><\/strong> com a participa\u00e7\u00e3o de parceiros locais, entre eles a <strong><a href=\"http:\/\/www.faacz.com.br\/portal\/\" target=\"_blank\" rel=\"noopener\" title=\"\">FAACZ (Faculdades Integradas de Aracruz).<\/a><\/strong><\/p>\n\n\n\n<figure class=\"wp-block-image aligncenter size-full\"><img decoding=\"async\" width=\"600\" height=\"450\" src=\"https:\/\/faacz.com.br\/portal\/wp-content\/uploads\/2026\/09\/foto_03_09_26_02.jpg\" alt=\"\" class=\"wp-image-41628\" srcset=\"https:\/\/faacz.com.br\/portal\/wp-content\/uploads\/2026\/09\/foto_03_09_26_02.jpg 600w, https:\/\/faacz.com.br\/portal\/wp-content\/uploads\/2026\/09\/foto_03_09_26_02-24x18.jpg 24w, https:\/\/faacz.com.br\/portal\/wp-content\/uploads\/2026\/09\/foto_03_09_26_02-36x27.jpg 36w, https:\/\/faacz.com.br\/portal\/wp-content\/uploads\/2026\/09\/foto_03_09_26_02-48x36.jpg 48w\" sizes=\"(max-width: 600px) 100vw, 600px\" \/><\/figure>\n\n\n\n<p class=\"wp-block-paragraph\">Pelo quarto ano consecutivo, a FAACZ participou da iniciativa, envolvendo estudantes dos cursos de <strong><a href=\"https:\/\/faacz.com.br\/portal\/graduacao\/enfermagem\/\" target=\"_blank\" rel=\"noopener\" title=\"\">Enfermagem,<\/a> <a href=\"https:\/\/www.faacz.com.br\/portal\/graduacao\/psicologia\/\" target=\"_blank\" rel=\"noopener\" title=\"\">Psicologia<\/a><\/strong> e <strong><a href=\"https:\/\/www.faacz.com.br\/portal\/graduacao\/direito\/\" target=\"_blank\" rel=\"noopener\" title=\"\">Direito<\/a><\/strong> na oferta de servi\u00e7os e orienta\u00e7\u00f5es gratuitas \u00e0 popula\u00e7\u00e3o. A atua\u00e7\u00e3o dos universit\u00e1rios integrou os diferentes eixos do Dia C, que tamb\u00e9m contou com atividades relacionadas \u00e0 sustentabilidade, atividades f\u00edsicas, divers\u00e3o para toda a fam\u00edlia e orienta\u00e7\u00e3o ao p\u00fablico.<\/p>\n\n\n\n<figure class=\"wp-block-image aligncenter size-full\"><img decoding=\"async\" width=\"600\" height=\"450\" src=\"https:\/\/faacz.com.br\/portal\/wp-content\/uploads\/2026\/09\/foto_03_09_26_03.jpg\" alt=\"\" class=\"wp-image-41629\" srcset=\"https:\/\/faacz.com.br\/portal\/wp-content\/uploads\/2026\/09\/foto_03_09_26_03.jpg 600w, https:\/\/faacz.com.br\/portal\/wp-content\/uploads\/2026\/09\/foto_03_09_26_03-24x18.jpg 24w, https:\/\/faacz.com.br\/portal\/wp-content\/uploads\/2026\/09\/foto_03_09_26_03-36x27.jpg 36w, https:\/\/faacz.com.br\/portal\/wp-content\/uploads\/2026\/09\/foto_03_09_26_03-48x36.jpg 48w\" sizes=\"(max-width: 600px) 100vw, 600px\" \/><\/figure>\n\n\n\n<p class=\"wp-block-paragraph\">Ao todo, foram realizados 55 atendimentos na \u00e1rea de Enfermagem, contemplando aferi\u00e7\u00e3o da press\u00e3o arterial e teste de glicemia capilar, conforme a necessidade de cada participante. Al\u00e9m dos procedimentos, as estudantes orientaram o p\u00fablico sobre a import\u00e2ncia de manter uma alimenta\u00e7\u00e3o saud\u00e1vel, praticar atividades f\u00edsicas regularmente, utilizar corretamente as medica\u00e7\u00f5es e realizar o acompanhamento peri\u00f3dico da press\u00e3o arterial e da glicemia na Unidade B\u00e1sica de Sa\u00fade (UBS) mais pr\u00f3xima da resid\u00eancia.<\/p>\n\n\n\n<figure class=\"wp-block-image aligncenter size-full\"><img loading=\"lazy\" decoding=\"async\" width=\"600\" height=\"450\" src=\"https:\/\/faacz.com.br\/portal\/wp-content\/uploads\/2026\/09\/foto_03_09_26_04.jpg\" alt=\"\" class=\"wp-image-41630\" srcset=\"https:\/\/faacz.com.br\/portal\/wp-content\/uploads\/2026\/09\/foto_03_09_26_04.jpg 600w, https:\/\/faacz.com.br\/portal\/wp-content\/uploads\/2026\/09\/foto_03_09_26_04-24x18.jpg 24w, https:\/\/faacz.com.br\/portal\/wp-content\/uploads\/2026\/09\/foto_03_09_26_04-36x27.jpg 36w, https:\/\/faacz.com.br\/portal\/wp-content\/uploads\/2026\/09\/foto_03_09_26_04-48x36.jpg 48w\" sizes=\"(max-width: 600px) 100vw, 600px\" \/><\/figure>\n\n\n\n<p class=\"wp-block-paragraph\">Durante a atividade, as estudantes do curso de Psicologia abordaram pessoas que participavam do evento para saber se j\u00e1 conheciam a <strong><a href=\"https:\/\/www.faacz.com.br\/portal\/clinica-de-psicologia\/\" target=\"_blank\" rel=\"noopener\" title=\"\">Cl\u00ednica-Escola do curso<\/a><\/strong> e tamb\u00e9m receberam interessados no estande da FAACZ. As universit\u00e1rias explicaram como funcionam os atendimentos, esclareceram d\u00favidas e realizaram um cadastro inicial, direcionando, a partir dos relatos apresentados, o tipo de atendimento mais adequado. Ao todo, foram realizados 27 registros de pessoas interessadas nas atividades da Cl\u00ednica-Escola.<\/p>\n\n\n\n<p class=\"wp-block-paragraph\">J\u00e1 a equipe do curso de Direito realizou atendimentos por meio do<strong> <\/strong><a href=\"https:\/\/faacz.com.br\/portal\/npj\/\" target=\"_blank\" rel=\"noopener\" title=\"\"><strong>N\u00facleo de Pr\u00e1ticas Jur\u00eddicas (NPJ),<\/strong> <\/a>relacionados a quest\u00f5es contratuais rotineiras que atingem parte significativa da popula\u00e7\u00e3o. Os estudantes tamb\u00e9m apresentaram os servi\u00e7os oferecidos pelo NPJ, esclareceram d\u00favidas e orientaram o p\u00fablico sobre a possibilidade de continuidade dos atendimentos.<\/p>\n\n\n\n<figure class=\"wp-block-image aligncenter size-full\"><img loading=\"lazy\" decoding=\"async\" width=\"600\" height=\"450\" src=\"https:\/\/faacz.com.br\/portal\/wp-content\/uploads\/2026\/09\/foto_03_09_26_05.jpg\" alt=\"\" class=\"wp-image-41631\" srcset=\"https:\/\/faacz.com.br\/portal\/wp-content\/uploads\/2026\/09\/foto_03_09_26_05.jpg 600w, https:\/\/faacz.com.br\/portal\/wp-content\/uploads\/2026\/09\/foto_03_09_26_05-24x18.jpg 24w, https:\/\/faacz.com.br\/portal\/wp-content\/uploads\/2026\/09\/foto_03_09_26_05-36x27.jpg 36w, https:\/\/faacz.com.br\/portal\/wp-content\/uploads\/2026\/09\/foto_03_09_26_05-48x36.jpg 48w\" sizes=\"(max-width: 600px) 100vw, 600px\" \/><\/figure>\n\n\n\n<p class=\"wp-block-paragraph\">Para o diretor acad\u00eamico da FAACZ, professor Francisco Carlos Trindade Leite, que acompanhou os universit\u00e1rios no Dia C, a participa\u00e7\u00e3o dos estudantes em iniciativas como essa contribui para integrar a forma\u00e7\u00e3o acad\u00eamica \u00e0s necessidades da comunidade.<\/p>\n\n\n\n<p class=\"wp-block-paragraph\"><em>\u201cA participa\u00e7\u00e3o dos nossos estudantes em a\u00e7\u00f5es como o Dia C \u00e9 muito importante porque possibilita colocar em pr\u00e1tica conhecimentos desenvolvidos ao longo da forma\u00e7\u00e3o acad\u00eamica, em uma experi\u00eancia concreta de atendimento e contato com a popula\u00e7\u00e3o. Ao mesmo tempo, essas iniciativas fortalecem a aproxima\u00e7\u00e3o da FAACZ com a comunidade, permitindo que a institui\u00e7\u00e3o cumpra seu papel social e contribua, por meio de seus cursos, para o atendimento de demandas da sociedade\u201d, <\/em>destaca Francisco.<\/p>\n\n\n\n<figure class=\"wp-block-image aligncenter size-full\"><img loading=\"lazy\" decoding=\"async\" width=\"600\" height=\"450\" src=\"https:\/\/faacz.com.br\/portal\/wp-content\/uploads\/2026\/09\/foto_03_09_26_06.jpg\" alt=\"\" class=\"wp-image-41632\" srcset=\"https:\/\/faacz.com.br\/portal\/wp-content\/uploads\/2026\/09\/foto_03_09_26_06.jpg 600w, https:\/\/faacz.com.br\/portal\/wp-content\/uploads\/2026\/09\/foto_03_09_26_06-24x18.jpg 24w, https:\/\/faacz.com.br\/portal\/wp-content\/uploads\/2026\/09\/foto_03_09_26_06-36x27.jpg 36w, https:\/\/faacz.com.br\/portal\/wp-content\/uploads\/2026\/09\/foto_03_09_26_06-48x36.jpg 48w\" sizes=\"(max-width: 600px) 100vw, 600px\" \/><\/figure>\n\n\n\n<p class=\"wp-block-paragraph\">O contato direto com a popula\u00e7\u00e3o durante o Dia C proporcionou aos universit\u00e1rios dos cursos de Enfermagem, Psicologia e Direito uma experi\u00eancia pr\u00e1tica em diferentes \u00e1reas de atua\u00e7\u00e3o profissional, ao mesmo tempo em que ampliou o acesso da comunidade a servi\u00e7os, orienta\u00e7\u00f5es e informa\u00e7\u00f5es.<\/p>\n\n\n\n<h2 class=\"wp-block-heading\"><strong>Integra\u00e7\u00e3o com a comunidade<\/strong><\/h2>\n\n\n\n<p class=\"wp-block-paragraph\">Com o tema \u201cAtitudes simples movem o mundo\u201d, o Dia C busca mobilizar o cooperativismo em torno de iniciativas que contribuam para o bem-estar da popula\u00e7\u00e3o e para o desenvolvimento das comunidades. A programa\u00e7\u00e3o reuniu a\u00e7\u00f5es nos eixos de sa\u00fade, cidadania, sustentabilidade, atividades f\u00edsicas e divers\u00e3o para toda a fam\u00edlia, al\u00e9m de servi\u00e7os de orienta\u00e7\u00e3o ao p\u00fablico, incluindo atendimento ao Microempreendedor Individual (MEI), ao consumidor e outras informa\u00e7\u00f5es de interesse da comunidade.<\/p>\n\n\n\n<figure class=\"wp-block-image aligncenter size-full\"><img loading=\"lazy\" decoding=\"async\" width=\"600\" height=\"450\" src=\"https:\/\/faacz.com.br\/portal\/wp-content\/uploads\/2026\/09\/foto_03_09_26_07.jpg\" alt=\"\" class=\"wp-image-41633\" srcset=\"https:\/\/faacz.com.br\/portal\/wp-content\/uploads\/2026\/09\/foto_03_09_26_07.jpg 600w, https:\/\/faacz.com.br\/portal\/wp-content\/uploads\/2026\/09\/foto_03_09_26_07-24x18.jpg 24w, https:\/\/faacz.com.br\/portal\/wp-content\/uploads\/2026\/09\/foto_03_09_26_07-36x27.jpg 36w, https:\/\/faacz.com.br\/portal\/wp-content\/uploads\/2026\/09\/foto_03_09_26_07-48x36.jpg 48w\" sizes=\"(max-width: 600px) 100vw, 600px\" \/><\/figure>\n\n\n\n<p class=\"wp-block-paragraph\">Tamb\u00e9m fizeram parte da programa\u00e7\u00e3o a\u00e7\u00f5es de coleta seletiva e conscientiza\u00e7\u00e3o ambiental, atividades f\u00edsicas e atra\u00e7\u00f5es para crian\u00e7as, como brincadeiras, conta\u00e7\u00e3o de hist\u00f3rias, pipoca e algod\u00e3o-doce. A realiza\u00e7\u00e3o contou com a parceria da <strong><a href=\"https:\/\/www.aracruz.es.gov.br\/\" target=\"_blank\" rel=\"noopener\" title=\"\">Prefeitura de Aracruz,<\/a><\/strong> Recicle Aracruz, J\u00e9ssika Cavalini Personal Trainer, FAACZ, <strong><a href=\"https:\/\/sebrae.com.br\/sites\/PortalSebrae\/\" target=\"_blank\" rel=\"noopener\" title=\"\">Sebrae<\/a><\/strong> e Sala do Empreendedor Aracruz, refor\u00e7ando a proposta de reunir diferentes institui\u00e7\u00f5es em torno de a\u00e7\u00f5es gratuitas de interesse da popula\u00e7\u00e3o.<\/p>\n\n\n\n<p class=\"wp-block-paragraph\"><em><strong>Texto: Alessandro Bitti<\/strong><\/em><strong><br><\/strong><em>E-mail: comunicacao@fsjb.edu.br<\/em><em><br>alessandro@fsjb.edu.br<\/em><\/p>\n\n\n\n<p class=\"wp-block-paragraph\">Data da publica\u00e7\u00e3o: 03\/09\/2026<\/p>\n","protected":false},"excerpt":{"rendered":"<p>Estudantes dos cursos de Enfermagem, Psicologia e Direito participaram da a\u00e7\u00e3o promovida por Unimed, Sicredi e Sicoob, que levou servi\u00e7os e orienta\u00e7\u00f5es aos aracruzenses. Aracruz recebeu, no dia 29 de agosto de 2026, mais uma edi\u00e7\u00e3o do Dia de Cooperar (Dia C), movimento do cooperativismo que promove a\u00e7\u00f5es de solidariedade, cidadania e cuidado com a comunidade. Realizado na Pra\u00e7a da Paz, das 8h \u00e0s 12h, o evento foi promovido pela Unimed Piraquea\u00e7u, Sicredi e Sicoob, com a participa\u00e7\u00e3o de parceiros locais, entre eles a FAACZ (Faculdades Integradas de Aracruz). Pelo quarto ano consecutivo, a FAACZ participou da iniciativa, envolvendo estudantes dos cursos de Enfermagem, Psicologia e Direito na oferta de servi\u00e7os e orienta\u00e7\u00f5es gratuitas \u00e0 popula\u00e7\u00e3o. A atua\u00e7\u00e3o dos universit\u00e1rios integrou os diferentes eixos do Dia C, que tamb\u00e9m contou com atividades relacionadas \u00e0 sustentabilidade, atividades f\u00edsicas, divers\u00e3o para toda a fam\u00edlia e orienta\u00e7\u00e3o ao p\u00fablico. Ao todo, foram realizados 55 atendimentos na \u00e1rea de Enfermagem, contemplando aferi\u00e7\u00e3o da press\u00e3o arterial e teste de glicemia capilar, conforme a necessidade de cada participante. Al\u00e9m dos procedimentos, as estudantes orientaram o p\u00fablico sobre a import\u00e2ncia de manter uma alimenta\u00e7\u00e3o saud\u00e1vel, praticar atividades f\u00edsicas regularmente, utilizar corretamente as medica\u00e7\u00f5es e realizar o acompanhamento peri\u00f3dico da press\u00e3o arterial e da glicemia na Unidade B\u00e1sica de Sa\u00fade (UBS) mais pr\u00f3xima da resid\u00eancia. Durante a atividade, as estudantes do curso de Psicologia abordaram pessoas que participavam do evento para saber se j\u00e1 conheciam a Cl\u00ednica-Escola do curso e tamb\u00e9m receberam interessados no estande da FAACZ. As universit\u00e1rias explicaram como funcionam os atendimentos, esclareceram d\u00favidas e realizaram um cadastro inicial, direcionando, a partir dos relatos apresentados, o tipo de atendimento mais adequado. Ao todo, foram realizados 27 registros de pessoas interessadas nas atividades da Cl\u00ednica-Escola. J\u00e1 a equipe do curso de Direito realizou atendimentos por meio do N\u00facleo de Pr\u00e1ticas Jur\u00eddicas (NPJ), relacionados a quest\u00f5es contratuais rotineiras que atingem parte significativa da popula\u00e7\u00e3o. Os estudantes tamb\u00e9m apresentaram os servi\u00e7os oferecidos pelo NPJ, esclareceram d\u00favidas e orientaram o p\u00fablico sobre a possibilidade de continuidade dos atendimentos. Para o diretor acad\u00eamico da FAACZ, professor Francisco Carlos Trindade Leite, que acompanhou os universit\u00e1rios no Dia C, a participa\u00e7\u00e3o dos estudantes em iniciativas como essa contribui para integrar a forma\u00e7\u00e3o acad\u00eamica \u00e0s necessidades da comunidade. \u201cA participa\u00e7\u00e3o dos nossos estudantes em a\u00e7\u00f5es como o Dia C \u00e9 muito importante porque possibilita colocar em pr\u00e1tica conhecimentos desenvolvidos ao longo da forma\u00e7\u00e3o acad\u00eamica, em uma experi\u00eancia concreta de atendimento e contato com a popula\u00e7\u00e3o. Ao mesmo tempo, essas iniciativas fortalecem a aproxima\u00e7\u00e3o da FAACZ com a comunidade, permitindo que a institui\u00e7\u00e3o cumpra seu papel social e contribua, por meio de seus cursos, para o atendimento de demandas da sociedade\u201d, destaca Francisco. O contato direto com a popula\u00e7\u00e3o durante o Dia C proporcionou aos universit\u00e1rios dos cursos de Enfermagem, Psicologia e Direito uma experi\u00eancia pr\u00e1tica em diferentes \u00e1reas de atua\u00e7\u00e3o profissional, ao mesmo tempo em que ampliou o acesso da comunidade a servi\u00e7os, orienta\u00e7\u00f5es e informa\u00e7\u00f5es. Integra\u00e7\u00e3o com a comunidade Com o tema \u201cAtitudes simples movem o mundo\u201d, o Dia C busca mobilizar o cooperativismo em torno de iniciativas que contribuam para o bem-estar da popula\u00e7\u00e3o e para o desenvolvimento das comunidades. A programa\u00e7\u00e3o reuniu a\u00e7\u00f5es nos eixos de sa\u00fade, cidadania, sustentabilidade, atividades f\u00edsicas e divers\u00e3o para toda a fam\u00edlia, al\u00e9m de servi\u00e7os de orienta\u00e7\u00e3o ao p\u00fablico, incluindo atendimento ao Microempreendedor Individual (MEI), ao consumidor e outras informa\u00e7\u00f5es de interesse da comunidade. Tamb\u00e9m fizeram parte da programa\u00e7\u00e3o a\u00e7\u00f5es de coleta seletiva e conscientiza\u00e7\u00e3o ambiental, atividades f\u00edsicas e atra\u00e7\u00f5es para crian\u00e7as, como brincadeiras, conta\u00e7\u00e3o de hist\u00f3rias, pipoca e algod\u00e3o-doce. A realiza\u00e7\u00e3o contou com a parceria da Prefeitura de Aracruz, Recicle Aracruz, J\u00e9ssika Cavalini Personal Trainer, FAACZ, Sebrae e Sala do Empreendedor Aracruz, refor\u00e7ando a proposta de reunir diferentes institui\u00e7\u00f5es em torno de a\u00e7\u00f5es gratuitas de interesse da popula\u00e7\u00e3o. Texto: Alessandro BittiE-mail: comunicacao@fsjb.edu.bralessandro@fsjb.edu.br Data da publica\u00e7\u00e3o: 03\/09\/2026<\/p>\n","protected":false},"author":2,"featured_media":41627,"comment_status":"closed","ping_status":"closed","sticky":false,"template":"","format":"standard","meta":{"om_disable_all_campaigns":false,"_exactmetrics_skip_tracking":false,"_monsterinsights_skip_tracking":false,"footnotes":""},"categories":[34],"tags":[],"class_list":["post-41626","post","type-post","status-publish","format-standard","has-post-thumbnail","hentry","category-faacz"],"aioseo_notices":[],"aioseo_head":"\n\t\t<!-- All in One SEO 5.0.0.1 - aioseo.com -->\n\t<meta name=\"robots\" content=\"max-snippet:-1, max-image-preview:large, max-video-preview:-1\" \/>\n\t<meta name=\"author\" content=\"Setor de Comunica\u00e7\u00e3o\"\/>\n\t<link rel=\"canonical\" href=\"https:\/\/faacz.com.br\/portal\/universitarios-da-faacz-levam-servicos-de-saude-psicologia-e-direito-aos-aracruzenses-no-dia-c\/\" \/>\n\t<meta name=\"generator\" content=\"All in One SEO (AIOSEO) 5.0.0.1\" \/>\n\t\t<script type=\"application\/ld+json\" class=\"aioseo-schema\">\n\t\t\t{\"@context\":\"https:\\\/\\\/schema.org\",\"@graph\":[{\"@type\":\"Article\",\"@id\":\"https:\\\/\\\/faacz.com.br\\\/portal\\\/universitarios-da-faacz-levam-servicos-de-saude-psicologia-e-direito-aos-aracruzenses-no-dia-c\\\/#article\",\"name\":\"Universit\\u00e1rios da FAACZ levam servi\\u00e7os de Sa\\u00fade, Psicologia e Direito aos aracruzenses no Dia C | FAACZ - Faculdades Integradas de Aracruz\",\"headline\":\"Universit\\u00e1rios da FAACZ levam servi\\u00e7os de Sa\\u00fade, Psicologia e Direito aos aracruzenses no Dia C\",\"author\":{\"@id\":\"https:\\\/\\\/faacz.com.br\\\/portal\\\/author\\\/alessandro\\\/#author\"},\"publisher\":{\"@id\":\"https:\\\/\\\/faacz.com.br\\\/portal\\\/#organization\"},\"image\":{\"@type\":\"ImageObject\",\"url\":\"https:\\\/\\\/faacz.com.br\\\/portal\\\/wp-content\\\/uploads\\\/2026\\\/09\\\/foto_03_09_26_01.jpg\",\"width\":600,\"height\":450,\"caption\":\"Fotos: Divulga\\u00e7\\u00e3o.\"},\"datePublished\":\"2026-09-03T16:08:07-03:00\",\"dateModified\":\"2026-09-03T16:08:08-03:00\",\"inLanguage\":\"pt-BR\",\"mainEntityOfPage\":{\"@id\":\"https:\\\/\\\/faacz.com.br\\\/portal\\\/universitarios-da-faacz-levam-servicos-de-saude-psicologia-e-direito-aos-aracruzenses-no-dia-c\\\/#webpage\"},\"isPartOf\":{\"@id\":\"https:\\\/\\\/faacz.com.br\\\/portal\\\/universitarios-da-faacz-levam-servicos-de-saude-psicologia-e-direito-aos-aracruzenses-no-dia-c\\\/#webpage\"},\"articleSection\":\"FAACZ\"},{\"@type\":\"BreadcrumbList\",\"@id\":\"https:\\\/\\\/faacz.com.br\\\/portal\\\/universitarios-da-faacz-levam-servicos-de-saude-psicologia-e-direito-aos-aracruzenses-no-dia-c\\\/#breadcrumblist\",\"itemListElement\":[{\"@type\":\"ListItem\",\"@id\":\"https:\\\/\\\/faacz.com.br\\\/portal#listItem\",\"position\":1,\"name\":\"Home\",\"item\":\"https:\\\/\\\/faacz.com.br\\\/portal\",\"nextItem\":{\"@type\":\"ListItem\",\"@id\":\"https:\\\/\\\/faacz.com.br\\\/portal\\\/category\\\/faacz\\\/#listItem\",\"name\":\"FAACZ\"}},{\"@type\":\"ListItem\",\"@id\":\"https:\\\/\\\/faacz.com.br\\\/portal\\\/category\\\/faacz\\\/#listItem\",\"position\":2,\"name\":\"FAACZ\",\"item\":\"https:\\\/\\\/faacz.com.br\\\/portal\\\/category\\\/faacz\\\/\",\"nextItem\":{\"@type\":\"ListItem\",\"@id\":\"https:\\\/\\\/faacz.com.br\\\/portal\\\/universitarios-da-faacz-levam-servicos-de-saude-psicologia-e-direito-aos-aracruzenses-no-dia-c\\\/#listItem\",\"name\":\"Universit\\u00e1rios da FAACZ levam servi\\u00e7os de Sa\\u00fade, Psicologia e Direito aos aracruzenses no Dia C\"},\"previousItem\":{\"@type\":\"ListItem\",\"@id\":\"https:\\\/\\\/faacz.com.br\\\/portal#listItem\",\"name\":\"Home\"}},{\"@type\":\"ListItem\",\"@id\":\"https:\\\/\\\/faacz.com.br\\\/portal\\\/universitarios-da-faacz-levam-servicos-de-saude-psicologia-e-direito-aos-aracruzenses-no-dia-c\\\/#listItem\",\"position\":3,\"name\":\"Universit\\u00e1rios da FAACZ levam servi\\u00e7os de Sa\\u00fade, Psicologia e Direito aos aracruzenses no Dia C\",\"previousItem\":{\"@type\":\"ListItem\",\"@id\":\"https:\\\/\\\/faacz.com.br\\\/portal\\\/category\\\/faacz\\\/#listItem\",\"name\":\"FAACZ\"}}]},{\"@type\":\"Organization\",\"@id\":\"https:\\\/\\\/faacz.com.br\\\/portal\\\/#organization\",\"name\":\"FAACZ - Faculdades Integradas de Aracruz\",\"description\":\"FAACZ - Faculdades Integradas de Aracruz\",\"url\":\"https:\\\/\\\/faacz.com.br\\\/portal\\\/\",\"telephone\":\"+552733028026\",\"logo\":{\"@type\":\"ImageObject\",\"url\":\"https:\\\/\\\/faacz.com.br\\\/portal\\\/wp-content\\\/uploads\\\/2016\\\/07\\\/logo_faacz_login.png\",\"@id\":\"https:\\\/\\\/faacz.com.br\\\/portal\\\/universitarios-da-faacz-levam-servicos-de-saude-psicologia-e-direito-aos-aracruzenses-no-dia-c\\\/#organizationLogo\",\"width\":175,\"height\":91},\"image\":{\"@id\":\"https:\\\/\\\/faacz.com.br\\\/portal\\\/universitarios-da-faacz-levam-servicos-de-saude-psicologia-e-direito-aos-aracruzenses-no-dia-c\\\/#organizationLogo\"},\"sameAs\":[\"https:\\\/\\\/www.facebook.com\\\/faacz\",\"https:\\\/\\\/www.instagram.com\\\/faacz\",\"https:\\\/\\\/www.youtube.com\\\/channel\\\/UCc321SU2q-toEskHuI2crgg\",\"https:\\\/\\\/www.linkedin.com\\\/company\\\/15097506\\\/\"]},{\"@type\":\"Person\",\"@id\":\"https:\\\/\\\/faacz.com.br\\\/portal\\\/author\\\/alessandro\\\/#author\",\"url\":\"https:\\\/\\\/faacz.com.br\\\/portal\\\/author\\\/alessandro\\\/\",\"name\":\"Setor de Comunica\\u00e7\\u00e3o\"},{\"@type\":\"WebPage\",\"@id\":\"https:\\\/\\\/faacz.com.br\\\/portal\\\/universitarios-da-faacz-levam-servicos-de-saude-psicologia-e-direito-aos-aracruzenses-no-dia-c\\\/#webpage\",\"url\":\"https:\\\/\\\/faacz.com.br\\\/portal\\\/universitarios-da-faacz-levam-servicos-de-saude-psicologia-e-direito-aos-aracruzenses-no-dia-c\\\/\",\"name\":\"Universit\\u00e1rios da FAACZ levam servi\\u00e7os de Sa\\u00fade, Psicologia e Direito aos aracruzenses no Dia C | FAACZ - Faculdades Integradas de Aracruz\",\"inLanguage\":\"pt-BR\",\"isPartOf\":{\"@id\":\"https:\\\/\\\/faacz.com.br\\\/portal\\\/#website\"},\"breadcrumb\":{\"@id\":\"https:\\\/\\\/faacz.com.br\\\/portal\\\/universitarios-da-faacz-levam-servicos-de-saude-psicologia-e-direito-aos-aracruzenses-no-dia-c\\\/#breadcrumblist\"},\"author\":{\"@id\":\"https:\\\/\\\/faacz.com.br\\\/portal\\\/author\\\/alessandro\\\/#author\"},\"creator\":{\"@id\":\"https:\\\/\\\/faacz.com.br\\\/portal\\\/author\\\/alessandro\\\/#author\"},\"image\":{\"@type\":\"ImageObject\",\"url\":\"https:\\\/\\\/faacz.com.br\\\/portal\\\/wp-content\\\/uploads\\\/2026\\\/09\\\/foto_03_09_26_01.jpg\",\"@id\":\"https:\\\/\\\/faacz.com.br\\\/portal\\\/universitarios-da-faacz-levam-servicos-de-saude-psicologia-e-direito-aos-aracruzenses-no-dia-c\\\/#mainImage\",\"width\":600,\"height\":450,\"caption\":\"Fotos: Divulga\\u00e7\\u00e3o.\"},\"primaryImageOfPage\":{\"@id\":\"https:\\\/\\\/faacz.com.br\\\/portal\\\/universitarios-da-faacz-levam-servicos-de-saude-psicologia-e-direito-aos-aracruzenses-no-dia-c\\\/#mainImage\"},\"datePublished\":\"2026-09-03T16:08:07-03:00\",\"dateModified\":\"2026-09-03T16:08:08-03:00\"},{\"@type\":\"WebSite\",\"@id\":\"https:\\\/\\\/faacz.com.br\\\/portal\\\/#website\",\"url\":\"https:\\\/\\\/faacz.com.br\\\/portal\\\/\",\"name\":\"FAACZ - Faculdades Integradas de Aracruz\",\"description\":\"FAACZ - Faculdades Integradas de Aracruz\",\"inLanguage\":\"pt-BR\",\"publisher\":{\"@id\":\"https:\\\/\\\/faacz.com.br\\\/portal\\\/#organization\"}}]}\n\t\t<\/script>\n\t\t<!-- All in One SEO -->\n\n","aioseo_head_json":{"title":"Universit\u00e1rios da FAACZ levam servi\u00e7os de Sa\u00fade, Psicologia e Direito aos aracruzenses no Dia C | FAACZ - Faculdades Integradas de Aracruz","description":"","canonical_url":"https:\/\/faacz.com.br\/portal\/universitarios-da-faacz-levam-servicos-de-saude-psicologia-e-direito-aos-aracruzenses-no-dia-c\/","robots":"max-snippet:-1, max-image-preview:large, max-video-preview:-1","keywords":"","webmasterTools":{"miscellaneous":""},"schema":{"@context":"https:\/\/schema.org","@graph":[{"@type":"Article","@id":"https:\/\/faacz.com.br\/portal\/universitarios-da-faacz-levam-servicos-de-saude-psicologia-e-direito-aos-aracruzenses-no-dia-c\/#article","name":"Universit\u00e1rios da FAACZ levam servi\u00e7os de Sa\u00fade, Psicologia e Direito aos aracruzenses no Dia C | FAACZ - Faculdades Integradas de Aracruz","headline":"Universit\u00e1rios da FAACZ levam servi\u00e7os de Sa\u00fade, Psicologia e Direito aos aracruzenses no Dia C","author":{"@id":"https:\/\/faacz.com.br\/portal\/author\/alessandro\/#author"},"publisher":{"@id":"https:\/\/faacz.com.br\/portal\/#organization"},"image":{"@type":"ImageObject","url":"https:\/\/faacz.com.br\/portal\/wp-content\/uploads\/2026\/09\/foto_03_09_26_01.jpg","width":600,"height":450,"caption":"Fotos: Divulga\u00e7\u00e3o."},"datePublished":"2026-09-03T16:08:07-03:00","dateModified":"2026-09-03T16:08:08-03:00","inLanguage":"pt-BR","mainEntityOfPage":{"@id":"https:\/\/faacz.com.br\/portal\/universitarios-da-faacz-levam-servicos-de-saude-psicologia-e-direito-aos-aracruzenses-no-dia-c\/#webpage"},"isPartOf":{"@id":"https:\/\/faacz.com.br\/portal\/universitarios-da-faacz-levam-servicos-de-saude-psicologia-e-direito-aos-aracruzenses-no-dia-c\/#webpage"},"articleSection":"FAACZ"},{"@type":"BreadcrumbList","@id":"https:\/\/faacz.com.br\/portal\/universitarios-da-faacz-levam-servicos-de-saude-psicologia-e-direito-aos-aracruzenses-no-dia-c\/#breadcrumblist","itemListElement":[{"@type":"ListItem","@id":"https:\/\/faacz.com.br\/portal#listItem","position":1,"name":"Home","item":"https:\/\/faacz.com.br\/portal","nextItem":{"@type":"ListItem","@id":"https:\/\/faacz.com.br\/portal\/category\/faacz\/#listItem","name":"FAACZ"}},{"@type":"ListItem","@id":"https:\/\/faacz.com.br\/portal\/category\/faacz\/#listItem","position":2,"name":"FAACZ","item":"https:\/\/faacz.com.br\/portal\/category\/faacz\/","nextItem":{"@type":"ListItem","@id":"https:\/\/faacz.com.br\/portal\/universitarios-da-faacz-levam-servicos-de-saude-psicologia-e-direito-aos-aracruzenses-no-dia-c\/#listItem","name":"Universit\u00e1rios da FAACZ levam servi\u00e7os de Sa\u00fade, Psicologia e Direito aos aracruzenses no Dia C"},"previousItem":{"@type":"ListItem","@id":"https:\/\/faacz.com.br\/portal#listItem","name":"Home"}},{"@type":"ListItem","@id":"https:\/\/faacz.com.br\/portal\/universitarios-da-faacz-levam-servicos-de-saude-psicologia-e-direito-aos-aracruzenses-no-dia-c\/#listItem","position":3,"name":"Universit\u00e1rios da FAACZ levam servi\u00e7os de Sa\u00fade, Psicologia e Direito aos aracruzenses no Dia C","previousItem":{"@type":"ListItem","@id":"https:\/\/faacz.com.br\/portal\/category\/faacz\/#listItem","name":"FAACZ"}}]},{"@type":"Organization","@id":"https:\/\/faacz.com.br\/portal\/#organization","name":"FAACZ - Faculdades Integradas de Aracruz","description":"FAACZ - Faculdades Integradas de Aracruz","url":"https:\/\/faacz.com.br\/portal\/","telephone":"+552733028026","logo":{"@type":"ImageObject","url":"https:\/\/faacz.com.br\/portal\/wp-content\/uploads\/2016\/07\/logo_faacz_login.png","@id":"https:\/\/faacz.com.br\/portal\/universitarios-da-faacz-levam-servicos-de-saude-psicologia-e-direito-aos-aracruzenses-no-dia-c\/#organizationLogo","width":175,"height":91},"image":{"@id":"https:\/\/faacz.com.br\/portal\/universitarios-da-faacz-levam-servicos-de-saude-psicologia-e-direito-aos-aracruzenses-no-dia-c\/#organizationLogo"},"sameAs":["https:\/\/www.facebook.com\/faacz","https:\/\/www.instagram.com\/faacz","https:\/\/www.youtube.com\/channel\/UCc321SU2q-toEskHuI2crgg","https:\/\/www.linkedin.com\/company\/15097506\/"]},{"@type":"Person","@id":"https:\/\/faacz.com.br\/portal\/author\/alessandro\/#author","url":"https:\/\/faacz.com.br\/portal\/author\/alessandro\/","name":"Setor de Comunica\u00e7\u00e3o"},{"@type":"WebPage","@id":"https:\/\/faacz.com.br\/portal\/universitarios-da-faacz-levam-servicos-de-saude-psicologia-e-direito-aos-aracruzenses-no-dia-c\/#webpage","url":"https:\/\/faacz.com.br\/portal\/universitarios-da-faacz-levam-servicos-de-saude-psicologia-e-direito-aos-aracruzenses-no-dia-c\/","name":"Universit\u00e1rios da FAACZ levam servi\u00e7os de Sa\u00fade, Psicologia e Direito aos aracruzenses no Dia C | FAACZ - Faculdades Integradas de Aracruz","inLanguage":"pt-BR","isPartOf":{"@id":"https:\/\/faacz.com.br\/portal\/#website"},"breadcrumb":{"@id":"https:\/\/faacz.com.br\/portal\/universitarios-da-faacz-levam-servicos-de-saude-psicologia-e-direito-aos-aracruzenses-no-dia-c\/#breadcrumblist"},"author":{"@id":"https:\/\/faacz.com.br\/portal\/author\/alessandro\/#author"},"creator":{"@id":"https:\/\/faacz.com.br\/portal\/author\/alessandro\/#author"},"image":{"@type":"ImageObject","url":"https:\/\/faacz.com.br\/portal\/wp-content\/uploads\/2026\/09\/foto_03_09_26_01.jpg","@id":"https:\/\/faacz.com.br\/portal\/universitarios-da-faacz-levam-servicos-de-saude-psicologia-e-direito-aos-aracruzenses-no-dia-c\/#mainImage","width":600,"height":450,"caption":"Fotos: Divulga\u00e7\u00e3o."},"primaryImageOfPage":{"@id":"https:\/\/faacz.com.br\/portal\/universitarios-da-faacz-levam-servicos-de-saude-psicologia-e-direito-aos-aracruzenses-no-dia-c\/#mainImage"},"datePublished":"2026-09-03T16:08:07-03:00","dateModified":"2026-09-03T16:08:08-03:00"},{"@type":"WebSite","@id":"https:\/\/faacz.com.br\/portal\/#website","url":"https:\/\/faacz.com.br\/portal\/","name":"FAACZ - Faculdades Integradas de Aracruz","description":"FAACZ - Faculdades Integradas de Aracruz","inLanguage":"pt-BR","publisher":{"@id":"https:\/\/faacz.com.br\/portal\/#organization"}}]}},"aioseo_meta_data":{"post_id":"41626","title":null,"description":null,"keywords":null,"keyphrases":{"focus":{"keyphrase":"","score":0,"analysis":{"keyphraseInTitle":{"score":0,"maxScore":9,"error":1}}},"additional":[]},"primary_term":null,"canonical_url":null,"og_title":null,"og_description":null,"og_object_type":"default","og_image_type":"default","og_image_url":null,"og_image_width":null,"og_image_height":null,"og_image_custom_url":null,"og_image_custom_fields":null,"og_video":"","og_custom_url":null,"og_article_section":null,"og_article_tags":null,"twitter_use_og":false,"twitter_card":"default","twitter_image_type":"default","twitter_image_url":null,"twitter_image_custom_url":null,"twitter_image_custom_fields":null,"twitter_title":null,"twitter_description":null,"schema":{"blockGraphs":[],"customGraphs":[],"default":{"data":{"Article":[],"Course":[],"Dataset":[],"FAQPage":[],"Movie":[],"Person":[],"Product":[],"ProductReview":[],"Car":[],"Recipe":[],"Service":[],"SoftwareApplication":[],"WebPage":[]},"graphName":"Article","isEnabled":true},"graphs":[]},"schema_type":"default","schema_type_options":null,"pillar_content":false,"robots_default":true,"robots_noindex":false,"robots_noarchive":false,"robots_nosnippet":false,"robots_nofollow":false,"robots_noimageindex":false,"robots_noodp":false,"robots_notranslate":false,"robots_max_snippet":"-1","robots_max_videopreview":"-1","robots_max_imagepreview":"large","priority":null,"frequency":"default","local_seo":null,"breadcrumb_settings":null,"limit_modified_date":false,"ai":{"faqs":[],"keyPoints":[],"schemas":[],"titles":[],"descriptions":[],"socialPosts":{"email":{"subject":"","preview":"","content":""},"linkedin":[],"twitter":[],"facebook":[],"instagram":[]}},"created":"2026-09-03 18:53:05","updated":"2026-09-03 19:08:08","seo_analyzer_scan_date":null,"focus_keyword":null,"additional_keywords":null,"truseo_locale":null},"aioseo_breadcrumb":"<div class=\"aioseo-breadcrumbs\"><span class=\"aioseo-breadcrumb\">\n\t\t\t<a href=\"https:\/\/faacz.com.br\/portal\" title=\"Home\">Home<\/a>\n\t\t<\/span><span class=\"aioseo-breadcrumb-separator\">\u00bb<\/span><span class=\"aioseo-breadcrumb\">\n\t\t\t<a href=\"https:\/\/faacz.com.br\/portal\/category\/faacz\/\" title=\"FAACZ\">FAACZ<\/a>\n\t\t<\/span><span class=\"aioseo-breadcrumb-separator\">\u00bb<\/span><span class=\"aioseo-breadcrumb\">\n\t\t\tUniversit\u00e1rios da FAACZ levam servi\u00e7os de Sa\u00fade, Psicologia e Direito aos aracruzenses no Dia C\n\t\t<\/span><\/div>","aioseo_breadcrumb_json":[{"label":"Home","link":"https:\/\/faacz.com.br\/portal"},{"label":"FAACZ","link":"https:\/\/faacz.com.br\/portal\/category\/faacz\/"},{"label":"Universit\u00e1rios da FAACZ levam servi\u00e7os de Sa\u00fade, Psicologia e Direito aos aracruzenses no Dia C","link":"https:\/\/faacz.com.br\/portal\/universitarios-da-faacz-levam-servicos-de-saude-psicologia-e-direito-aos-aracruzenses-no-dia-c\/"}],"_links":{"self":[{"href":"https:\/\/faacz.com.br\/portal\/wp-json\/wp\/v2\/posts\/41626","targetHints":{"allow":["GET"]}}],"collection":[{"href":"https:\/\/faacz.com.br\/portal\/wp-json\/wp\/v2\/posts"}],"about":[{"href":"https:\/\/faacz.com.br\/portal\/wp-json\/wp\/v2\/types\/post"}],"author":[{"embeddable":true,"href":"https:\/\/faacz.com.br\/portal\/wp-json\/wp\/v2\/users\/2"}],"replies":[{"embeddable":true,"href":"https:\/\/faacz.com.br\/portal\/wp-json\/wp\/v2\/comments?post=41626"}],"version-history":[{"count":1,"href":"https:\/\/faacz.com.br\/portal\/wp-json\/wp\/v2\/posts\/41626\/revisions"}],"predecessor-version":[{"id":41634,"href":"https:\/\/faacz.com.br\/portal\/wp-json\/wp\/v2\/posts\/41626\/revisions\/41634"}],"wp:featuredmedia":[{"embeddable":true,"href":"https:\/\/faacz.com.br\/portal\/wp-json\/wp\/v2\/media\/41627"}],"wp:attachment":[{"href":"https:\/\/faacz.com.br\/portal\/wp-json\/wp\/v2\/media?parent=41626"}],"wp:term":[{"taxonomy":"category","embeddable":true,"href":"https:\/\/faacz.com.br\/portal\/wp-json\/wp\/v2\/categories?post=41626"},{"taxonomy":"post_tag","embeddable":true,"href":"https:\/\/faacz.com.br\/portal\/wp-json\/wp\/v2\/tags?post=41626"}],"curies":[{"name":"wp","href":"https:\/\/api.w.org\/{rel}","templated":true}]}}