{"id":39956,"date":"2026-04-28T16:07:33","date_gmt":"2026-04-28T19:07:33","guid":{"rendered":"https:\/\/faacz.com.br\/portal\/?p=39956"},"modified":"2026-04-28T16:07:33","modified_gmt":"2026-04-28T19:07:33","slug":"presidente-da-fsjb-e-diretora-academica-da-faacz-prestigiam-entrega-de-carteiras-da-oab-em-aracruz","status":"publish","type":"post","link":"https:\/\/faacz.com.br\/portal\/presidente-da-fsjb-e-diretora-academica-da-faacz-prestigiam-entrega-de-carteiras-da-oab-em-aracruz\/","title":{"rendered":"Presidente da FSJB e diretora acad\u00eamica da FAACZ prestigiam entrega de carteiras da OAB em Aracruz"},"content":{"rendered":"\n<figure class=\"wp-block-image aligncenter size-full\"><img fetchpriority=\"high\" decoding=\"async\" width=\"600\" height=\"450\" src=\"https:\/\/faacz.com.br\/portal\/wp-content\/uploads\/2026\/04\/foto_28_04_26_01.png\" alt=\"\" class=\"wp-image-39957\" srcset=\"https:\/\/faacz.com.br\/portal\/wp-content\/uploads\/2026\/04\/foto_28_04_26_01.png 600w, https:\/\/faacz.com.br\/portal\/wp-content\/uploads\/2026\/04\/foto_28_04_26_01-24x18.png 24w, https:\/\/faacz.com.br\/portal\/wp-content\/uploads\/2026\/04\/foto_28_04_26_01-36x27.png 36w, https:\/\/faacz.com.br\/portal\/wp-content\/uploads\/2026\/04\/foto_28_04_26_01-48x36.png 48w\" sizes=\"(max-width: 600px) 100vw, 600px\" \/><figcaption class=\"wp-element-caption\">Fotos: 13\u00aa Subse\u00e7\u00e3o da OAB\/ES Aracruz.<\/figcaption><\/figure>\n\n\n\n<p>A sede da <a href=\"https:\/\/oabes.org.br\/subsecoes\/aracruz\/\" target=\"_blank\" rel=\"noopener\" title=\"\"><strong>13\u00aa Subse\u00e7\u00e3o da Ordem dos Advogados do Brasil no Esp\u00edrito Santo (OAB\/ES),<\/strong> <\/a>em Aracruz, promoveu, na quinta-feira, 23 de abril de 2026, a solenidade de entrega de carteiras profissionais aos novos integrantes da advocacia regional. O evento marcou a habilita\u00e7\u00e3o oficial de bachar\u00e9is em Direito para o exerc\u00edcio da profiss\u00e3o, simbolizando importante etapa na trajet\u00f3ria dos novos advogados.<\/p>\n\n\n\n<figure class=\"wp-block-image aligncenter size-full\"><img decoding=\"async\" width=\"600\" height=\"450\" src=\"https:\/\/faacz.com.br\/portal\/wp-content\/uploads\/2026\/04\/foto_28_04_26_02.png\" alt=\"\" class=\"wp-image-39958\" srcset=\"https:\/\/faacz.com.br\/portal\/wp-content\/uploads\/2026\/04\/foto_28_04_26_02.png 600w, https:\/\/faacz.com.br\/portal\/wp-content\/uploads\/2026\/04\/foto_28_04_26_02-24x18.png 24w, https:\/\/faacz.com.br\/portal\/wp-content\/uploads\/2026\/04\/foto_28_04_26_02-36x27.png 36w, https:\/\/faacz.com.br\/portal\/wp-content\/uploads\/2026\/04\/foto_28_04_26_02-48x36.png 48w\" sizes=\"(max-width: 600px) 100vw, 600px\" \/><\/figure>\n\n\n\n<p>Entre os destaques da cerim\u00f4nia estiveram as egressas do <strong><a href=\"https:\/\/faacz.com.br\/portal\/graduacao\/direito\/\" target=\"_blank\" rel=\"noopener\" title=\"\">curso de Direito<\/a><\/strong> das <strong><a href=\"http:\/\/www.faacz.com.br\/portal\/\" target=\"_blank\" rel=\"noopener\" title=\"\">Faculdades Integradas de Aracruz (FAACZ)<\/a><\/strong> Daniela Cardoso Santos, concluinte do segundo semestre de 2025, e J\u00e9ssica Neres Gadioli, concluinte do segundo semestre de 2023. Elas receberam suas carteiras em momento de celebra\u00e7\u00e3o compartilhado com familiares, autoridades e convidados.<\/p>\n\n\n\n<figure class=\"wp-block-gallery has-nested-images columns-default is-cropped wp-block-gallery-1 is-layout-flex wp-block-gallery-is-layout-flex\">\n<figure class=\"wp-block-image size-large\"><img decoding=\"async\" width=\"600\" height=\"450\" data-id=\"39959\" src=\"https:\/\/faacz.com.br\/portal\/wp-content\/uploads\/2026\/04\/foto_28_04_26_05.png\" alt=\"\" class=\"wp-image-39959\" srcset=\"https:\/\/faacz.com.br\/portal\/wp-content\/uploads\/2026\/04\/foto_28_04_26_05.png 600w, https:\/\/faacz.com.br\/portal\/wp-content\/uploads\/2026\/04\/foto_28_04_26_05-24x18.png 24w, https:\/\/faacz.com.br\/portal\/wp-content\/uploads\/2026\/04\/foto_28_04_26_05-36x27.png 36w, https:\/\/faacz.com.br\/portal\/wp-content\/uploads\/2026\/04\/foto_28_04_26_05-48x36.png 48w\" sizes=\"(max-width: 600px) 100vw, 600px\" \/><\/figure>\n\n\n\n<figure class=\"wp-block-image size-large\"><img loading=\"lazy\" decoding=\"async\" width=\"600\" height=\"450\" data-id=\"39960\" src=\"https:\/\/faacz.com.br\/portal\/wp-content\/uploads\/2026\/04\/foto_28_04_26_06.png\" alt=\"\" class=\"wp-image-39960\" srcset=\"https:\/\/faacz.com.br\/portal\/wp-content\/uploads\/2026\/04\/foto_28_04_26_06.png 600w, https:\/\/faacz.com.br\/portal\/wp-content\/uploads\/2026\/04\/foto_28_04_26_06-24x18.png 24w, https:\/\/faacz.com.br\/portal\/wp-content\/uploads\/2026\/04\/foto_28_04_26_06-36x27.png 36w, https:\/\/faacz.com.br\/portal\/wp-content\/uploads\/2026\/04\/foto_28_04_26_06-48x36.png 48w\" sizes=\"(max-width: 600px) 100vw, 600px\" \/><\/figure>\n\n\n\n<figure class=\"wp-block-image size-large\"><img loading=\"lazy\" decoding=\"async\" width=\"600\" height=\"450\" data-id=\"39961\" src=\"https:\/\/faacz.com.br\/portal\/wp-content\/uploads\/2026\/04\/foto_28_04_26_07.png\" alt=\"\" class=\"wp-image-39961\" srcset=\"https:\/\/faacz.com.br\/portal\/wp-content\/uploads\/2026\/04\/foto_28_04_26_07.png 600w, https:\/\/faacz.com.br\/portal\/wp-content\/uploads\/2026\/04\/foto_28_04_26_07-24x18.png 24w, https:\/\/faacz.com.br\/portal\/wp-content\/uploads\/2026\/04\/foto_28_04_26_07-36x27.png 36w, https:\/\/faacz.com.br\/portal\/wp-content\/uploads\/2026\/04\/foto_28_04_26_07-48x36.png 48w\" sizes=\"(max-width: 600px) 100vw, 600px\" \/><\/figure>\n<\/figure>\n\n\n\n<p>A solenidade foi presidida pelo presidente da 13\u00aa Subse\u00e7\u00e3o de Aracruz, Dr. Wilen Barros. A mesa de honra contou ainda com o ex-presidente da subse\u00e7\u00e3o, Dr. Nilson Frigini, e o conselheiro titular, Dr. Giordano Moratti Castiglioni. Tamb\u00e9m prestigiaram o evento a presidente da <strong><a href=\"https:\/\/fsjb.edu.br\/portal\/\" target=\"_blank\" rel=\"noopener\" title=\"\">Funda\u00e7\u00e3o S\u00e3o Jo\u00e3o Batista (FSJB),<\/a><\/strong> Celi Maria Guisso Cabral; o secret\u00e1rio adjunto da OAB Jovem Estadual, Dr. Vitor Henrique Galdino; e a diretora acad\u00eamica da FAACZ, prof.\u00aa Adriana Recla Sarcinelli.<\/p>\n\n\n\n<figure class=\"wp-block-image aligncenter size-full\"><img loading=\"lazy\" decoding=\"async\" width=\"600\" height=\"450\" src=\"https:\/\/faacz.com.br\/portal\/wp-content\/uploads\/2026\/04\/foto_28_04_26_04.png\" alt=\"\" class=\"wp-image-39962\" srcset=\"https:\/\/faacz.com.br\/portal\/wp-content\/uploads\/2026\/04\/foto_28_04_26_04.png 600w, https:\/\/faacz.com.br\/portal\/wp-content\/uploads\/2026\/04\/foto_28_04_26_04-24x18.png 24w, https:\/\/faacz.com.br\/portal\/wp-content\/uploads\/2026\/04\/foto_28_04_26_04-36x27.png 36w, https:\/\/faacz.com.br\/portal\/wp-content\/uploads\/2026\/04\/foto_28_04_26_04-48x36.png 48w\" sizes=\"(max-width: 600px) 100vw, 600px\" \/><\/figure>\n\n\n\n<p>Para a presidente da FSJB, Celi Cabral, participar da solenidade representou momento de orgulho institucional. Ela destacou que ver ex-alunas formadas pela FAACZ ingressando no mercado jur\u00eddico refor\u00e7a o compromisso da mantenedora com a excel\u00eancia educacional: <em>\u201c\u00c9 uma grande alegria acompanhar essa conquista e perceber que estamos contribuindo para formar profissionais competentes, preparados para ocupar espa\u00e7os relevantes no mercado de trabalho\u201d,<\/em> afirmou.<\/p>\n\n\n\n<figure class=\"wp-block-gallery has-nested-images columns-default is-cropped wp-block-gallery-2 is-layout-flex wp-block-gallery-is-layout-flex\">\n<figure class=\"wp-block-image size-large\"><img loading=\"lazy\" decoding=\"async\" width=\"600\" height=\"450\" data-id=\"39963\" src=\"https:\/\/faacz.com.br\/portal\/wp-content\/uploads\/2026\/04\/foto_28_04_26_03.png\" alt=\"\" class=\"wp-image-39963\" srcset=\"https:\/\/faacz.com.br\/portal\/wp-content\/uploads\/2026\/04\/foto_28_04_26_03.png 600w, https:\/\/faacz.com.br\/portal\/wp-content\/uploads\/2026\/04\/foto_28_04_26_03-24x18.png 24w, https:\/\/faacz.com.br\/portal\/wp-content\/uploads\/2026\/04\/foto_28_04_26_03-36x27.png 36w, https:\/\/faacz.com.br\/portal\/wp-content\/uploads\/2026\/04\/foto_28_04_26_03-48x36.png 48w\" sizes=\"(max-width: 600px) 100vw, 600px\" \/><\/figure>\n\n\n\n<figure class=\"wp-block-image size-large\"><img loading=\"lazy\" decoding=\"async\" width=\"600\" height=\"450\" data-id=\"39964\" src=\"https:\/\/faacz.com.br\/portal\/wp-content\/uploads\/2026\/04\/foto_28_04_26_08.png\" alt=\"\" class=\"wp-image-39964\" srcset=\"https:\/\/faacz.com.br\/portal\/wp-content\/uploads\/2026\/04\/foto_28_04_26_08.png 600w, https:\/\/faacz.com.br\/portal\/wp-content\/uploads\/2026\/04\/foto_28_04_26_08-24x18.png 24w, https:\/\/faacz.com.br\/portal\/wp-content\/uploads\/2026\/04\/foto_28_04_26_08-36x27.png 36w, https:\/\/faacz.com.br\/portal\/wp-content\/uploads\/2026\/04\/foto_28_04_26_08-48x36.png 48w\" sizes=\"(max-width: 600px) 100vw, 600px\" \/><\/figure>\n\n\n\n<figure class=\"wp-block-image size-large\"><img loading=\"lazy\" decoding=\"async\" width=\"600\" height=\"450\" data-id=\"39965\" src=\"https:\/\/faacz.com.br\/portal\/wp-content\/uploads\/2026\/04\/foto_28_04_26_09.png\" alt=\"\" class=\"wp-image-39965\" srcset=\"https:\/\/faacz.com.br\/portal\/wp-content\/uploads\/2026\/04\/foto_28_04_26_09.png 600w, https:\/\/faacz.com.br\/portal\/wp-content\/uploads\/2026\/04\/foto_28_04_26_09-24x18.png 24w, https:\/\/faacz.com.br\/portal\/wp-content\/uploads\/2026\/04\/foto_28_04_26_09-36x27.png 36w, https:\/\/faacz.com.br\/portal\/wp-content\/uploads\/2026\/04\/foto_28_04_26_09-48x36.png 48w\" sizes=\"(max-width: 600px) 100vw, 600px\" \/><\/figure>\n<\/figure>\n\n\n\n<p>A diretora acad\u00eamica da FAACZ, prof.\u00aa Adriana Recla Sarcinelli, ressaltou que a entrega das carteiras simboliza o resultado de anos de dedica\u00e7\u00e3o acad\u00eamica. Segundo ela, a institui\u00e7\u00e3o segue empenhada em oferecer forma\u00e7\u00e3o s\u00f3lida e alinhada \u00e0s exig\u00eancias profissionais: <em>\u201cCada conquista de nossos egressos confirma a seriedade do trabalho desenvolvido pela FAACZ e inspira novas gera\u00e7\u00f5es de estudantes\u201d,<\/em> declarou.<\/p>\n\n\n\n<figure class=\"wp-block-image aligncenter size-full\"><img loading=\"lazy\" decoding=\"async\" width=\"600\" height=\"450\" src=\"https:\/\/faacz.com.br\/portal\/wp-content\/uploads\/2026\/04\/foto_28_04_26_10.png\" alt=\"\" class=\"wp-image-39966\" srcset=\"https:\/\/faacz.com.br\/portal\/wp-content\/uploads\/2026\/04\/foto_28_04_26_10.png 600w, https:\/\/faacz.com.br\/portal\/wp-content\/uploads\/2026\/04\/foto_28_04_26_10-24x18.png 24w, https:\/\/faacz.com.br\/portal\/wp-content\/uploads\/2026\/04\/foto_28_04_26_10-36x27.png 36w, https:\/\/faacz.com.br\/portal\/wp-content\/uploads\/2026\/04\/foto_28_04_26_10-48x36.png 48w\" sizes=\"(max-width: 600px) 100vw, 600px\" \/><\/figure>\n\n\n\n<p>Durante a solenidade, a OAB Aracruz desejou sucesso aos novos profissionais e refor\u00e7ou que \u00e9tica, responsabilidade e dedica\u00e7\u00e3o devem conduzir o exerc\u00edcio da advocacia desde os primeiros passos na carreira. Representantes da entidade tamb\u00e9m destacaram a import\u00e2ncia do compromisso permanente com a Justi\u00e7a, com a defesa da cidadania e com o fortalecimento das institui\u00e7\u00f5es democr\u00e1ticas.<\/p>\n\n\n\n<p><em><strong>Texto: Alessandro Bitti<\/strong><\/em><strong><br><\/strong><em>E-mail: comunicacao@fsjb.edu.br<\/em><em><br>alessandro@fsjb.edu.br<\/em><\/p>\n\n\n\n<p>Data da publica\u00e7\u00e3o: 28\/04\/2026<\/p>\n","protected":false},"excerpt":{"rendered":"<p>A sede da 13\u00aa Subse\u00e7\u00e3o da Ordem dos Advogados do Brasil no Esp\u00edrito Santo (OAB\/ES), em Aracruz, promoveu, na quinta-feira, 23 de abril de 2026, a solenidade de entrega de carteiras profissionais aos novos integrantes da advocacia regional. O evento marcou a habilita\u00e7\u00e3o oficial de bachar\u00e9is em Direito para o exerc\u00edcio da profiss\u00e3o, simbolizando importante etapa na trajet\u00f3ria dos novos advogados. Entre os destaques da cerim\u00f4nia estiveram as egressas do curso de Direito das Faculdades Integradas de Aracruz (FAACZ) Daniela Cardoso Santos, concluinte do segundo semestre de 2025, e J\u00e9ssica Neres Gadioli, concluinte do segundo semestre de 2023. Elas receberam suas carteiras em momento de celebra\u00e7\u00e3o compartilhado com familiares, autoridades e convidados. A solenidade foi presidida pelo presidente da 13\u00aa Subse\u00e7\u00e3o de Aracruz, Dr. Wilen Barros. A mesa de honra contou ainda com o ex-presidente da subse\u00e7\u00e3o, Dr. Nilson Frigini, e o conselheiro titular, Dr. Giordano Moratti Castiglioni. Tamb\u00e9m prestigiaram o evento a presidente da Funda\u00e7\u00e3o S\u00e3o Jo\u00e3o Batista (FSJB), Celi Maria Guisso Cabral; o secret\u00e1rio adjunto da OAB Jovem Estadual, Dr. Vitor Henrique Galdino; e a diretora acad\u00eamica da FAACZ, prof.\u00aa Adriana Recla Sarcinelli. Para a presidente da FSJB, Celi Cabral, participar da solenidade representou momento de orgulho institucional. Ela destacou que ver ex-alunas formadas pela FAACZ ingressando no mercado jur\u00eddico refor\u00e7a o compromisso da mantenedora com a excel\u00eancia educacional: \u201c\u00c9 uma grande alegria acompanhar essa conquista e perceber que estamos contribuindo para formar profissionais competentes, preparados para ocupar espa\u00e7os relevantes no mercado de trabalho\u201d, afirmou. A diretora acad\u00eamica da FAACZ, prof.\u00aa Adriana Recla Sarcinelli, ressaltou que a entrega das carteiras simboliza o resultado de anos de dedica\u00e7\u00e3o acad\u00eamica. Segundo ela, a institui\u00e7\u00e3o segue empenhada em oferecer forma\u00e7\u00e3o s\u00f3lida e alinhada \u00e0s exig\u00eancias profissionais: \u201cCada conquista de nossos egressos confirma a seriedade do trabalho desenvolvido pela FAACZ e inspira novas gera\u00e7\u00f5es de estudantes\u201d, declarou. Durante a solenidade, a OAB Aracruz desejou sucesso aos novos profissionais e refor\u00e7ou que \u00e9tica, responsabilidade e dedica\u00e7\u00e3o devem conduzir o exerc\u00edcio da advocacia desde os primeiros passos na carreira. Representantes da entidade tamb\u00e9m destacaram a import\u00e2ncia do compromisso permanente com a Justi\u00e7a, com a defesa da cidadania e com o fortalecimento das institui\u00e7\u00f5es democr\u00e1ticas. Texto: Alessandro BittiE-mail: comunicacao@fsjb.edu.bralessandro@fsjb.edu.br Data da publica\u00e7\u00e3o: 28\/04\/2026<\/p>\n","protected":false},"author":2,"featured_media":39957,"comment_status":"closed","ping_status":"closed","sticky":false,"template":"","format":"standard","meta":{"om_disable_all_campaigns":false,"_exactmetrics_skip_tracking":false,"_exactmetrics_sitenote_active":false,"_exactmetrics_sitenote_note":"","_exactmetrics_sitenote_category":0,"_monsterinsights_skip_tracking":false,"_monsterinsights_sitenote_active":false,"_monsterinsights_sitenote_note":"","_monsterinsights_sitenote_category":0,"footnotes":""},"categories":[28],"tags":[],"class_list":["post-39956","post","type-post","status-publish","format-standard","has-post-thumbnail","hentry","category-direito"],"aioseo_notices":[],"_links":{"self":[{"href":"https:\/\/faacz.com.br\/portal\/wp-json\/wp\/v2\/posts\/39956"}],"collection":[{"href":"https:\/\/faacz.com.br\/portal\/wp-json\/wp\/v2\/posts"}],"about":[{"href":"https:\/\/faacz.com.br\/portal\/wp-json\/wp\/v2\/types\/post"}],"author":[{"embeddable":true,"href":"https:\/\/faacz.com.br\/portal\/wp-json\/wp\/v2\/users\/2"}],"replies":[{"embeddable":true,"href":"https:\/\/faacz.com.br\/portal\/wp-json\/wp\/v2\/comments?post=39956"}],"version-history":[{"count":1,"href":"https:\/\/faacz.com.br\/portal\/wp-json\/wp\/v2\/posts\/39956\/revisions"}],"predecessor-version":[{"id":39967,"href":"https:\/\/faacz.com.br\/portal\/wp-json\/wp\/v2\/posts\/39956\/revisions\/39967"}],"wp:featuredmedia":[{"embeddable":true,"href":"https:\/\/faacz.com.br\/portal\/wp-json\/wp\/v2\/media\/39957"}],"wp:attachment":[{"href":"https:\/\/faacz.com.br\/portal\/wp-json\/wp\/v2\/media?parent=39956"}],"wp:term":[{"taxonomy":"category","embeddable":true,"href":"https:\/\/faacz.com.br\/portal\/wp-json\/wp\/v2\/categories?post=39956"},{"taxonomy":"post_tag","embeddable":true,"href":"https:\/\/faacz.com.br\/portal\/wp-json\/wp\/v2\/tags?post=39956"}],"curies":[{"name":"wp","href":"https:\/\/api.w.org\/{rel}","templated":true}]}}