{"id":39949,"date":"2026-04-24T11:35:10","date_gmt":"2026-04-24T14:35:10","guid":{"rendered":"https:\/\/faacz.com.br\/portal\/?p=39949"},"modified":"2026-04-24T11:35:11","modified_gmt":"2026-04-24T14:35:11","slug":"alunos-de-enfermagem-da-faacz-promovem-palestra-sobre-vacinacao-e-hpv-na-gransal-granitos-aracruz","status":"publish","type":"post","link":"https:\/\/faacz.com.br\/portal\/alunos-de-enfermagem-da-faacz-promovem-palestra-sobre-vacinacao-e-hpv-na-gransal-granitos-aracruz\/","title":{"rendered":"Alunos de Enfermagem da FAACZ promovem palestra sobre vacina\u00e7\u00e3o e HPV na Gransal Granitos Aracruz"},"content":{"rendered":"\n<figure class=\"wp-block-image aligncenter size-full\"><img fetchpriority=\"high\" decoding=\"async\" width=\"600\" height=\"450\" src=\"https:\/\/faacz.com.br\/portal\/wp-content\/uploads\/2026\/04\/foto_24_04_26_01.png\" alt=\"\" class=\"wp-image-39950\" srcset=\"https:\/\/faacz.com.br\/portal\/wp-content\/uploads\/2026\/04\/foto_24_04_26_01.png 600w, https:\/\/faacz.com.br\/portal\/wp-content\/uploads\/2026\/04\/foto_24_04_26_01-24x18.png 24w, https:\/\/faacz.com.br\/portal\/wp-content\/uploads\/2026\/04\/foto_24_04_26_01-36x27.png 36w, https:\/\/faacz.com.br\/portal\/wp-content\/uploads\/2026\/04\/foto_24_04_26_01-48x36.png 48w\" sizes=\"(max-width: 600px) 100vw, 600px\" \/><figcaption class=\"wp-element-caption\">Fotos: Divulga\u00e7\u00e3o.<\/figcaption><\/figure>\n\n\n\n<p>Os estudantes do 9\u00ba per\u00edodo do <a href=\"https:\/\/www.faacz.com.br\/portal\/graduacao\/enfermagem\/\" target=\"_blank\" rel=\"noopener\" title=\"\"><strong>curso de Enfermagem<\/strong> <\/a>da <strong><a href=\"http:\/\/www.faacz.com.br\/portal\/\" target=\"_blank\" rel=\"noopener\" title=\"\">FAACZ (Faculdades Integradas de Aracruz)<\/a><\/strong> realizaram, no dia 22 de abril de 2026, uma atividade pr\u00e1tica na empresa Gransal Granitos Aracruz, voltada \u00e0 promo\u00e7\u00e3o da sa\u00fade e \u00e0 preven\u00e7\u00e3o de doen\u00e7as no ambiente de trabalho. Na ocasi\u00e3o, os acad\u00eamicos contaram com a participa\u00e7\u00e3o especial da aluna \u00cdris Deolindo Oliveira, do 7\u00ba per\u00edodo do mesmo curso.<\/p>\n\n\n\n<p>Acompanhados pela preceptora do curso, a enfermeira Elisangela Rodrigues Pereira, os estudantes ministraram uma palestra sobre vacina\u00e7\u00e3o, HPV e a import\u00e2ncia da imuniza\u00e7\u00e3o, al\u00e9m de abordarem a <strong><a href=\"https:\/\/www2.camara.leg.br\/legin\/fed\/lei\/2026\/lei-15377-2-abril-2026-798915-publicacaooriginal-178735-pl.html\" target=\"_blank\" rel=\"noopener\" title=\"\">Lei n\u00ba 15.377\/2026.<\/a><\/strong><\/p>\n\n\n\n<p>Participaram da a\u00e7\u00e3o os alunos do 9\u00ba per\u00edodo Aldenizia Ferreira Carvalho, Diego Medani Cavaglieri, Elizandra Santos Nogueira, Emily Loureiro Tetzlaff, Lucas dos Santos Nascimento, Samira de Jesus Lima Vieira e Val\u00e9ria Duarte da Silva, bem como a convidada especial \u00cdris Deolindo Oliveira, do 7\u00ba per\u00edodo.<\/p>\n\n\n\n<figure class=\"wp-block-image aligncenter size-full\"><img decoding=\"async\" width=\"600\" height=\"450\" src=\"https:\/\/faacz.com.br\/portal\/wp-content\/uploads\/2026\/04\/foto_24_04_26_02.png\" alt=\"\" class=\"wp-image-39951\" srcset=\"https:\/\/faacz.com.br\/portal\/wp-content\/uploads\/2026\/04\/foto_24_04_26_02.png 600w, https:\/\/faacz.com.br\/portal\/wp-content\/uploads\/2026\/04\/foto_24_04_26_02-24x18.png 24w, https:\/\/faacz.com.br\/portal\/wp-content\/uploads\/2026\/04\/foto_24_04_26_02-36x27.png 36w, https:\/\/faacz.com.br\/portal\/wp-content\/uploads\/2026\/04\/foto_24_04_26_02-48x36.png 48w\" sizes=\"(max-width: 600px) 100vw, 600px\" \/><\/figure>\n\n\n\n<p>De acordo com Kesia Carla Ferreira Loureiro, coordenadora de Seguran\u00e7a do Trabalho da Gransal, a iniciativa alcan\u00e7ou resultados positivos junto aos colaboradores da empresa: <em>\u201cA palestra sobre \u2018Calend\u00e1rio de Vacina\u00e7\u00e3o do Adulto e HPV\u2019 foi clara, objetiva e trouxe informa\u00e7\u00f5es relevantes para o p\u00fablico, principalmente ao abordar os riscos \u00e0 sa\u00fade e a import\u00e2ncia da vacina\u00e7\u00e3o como forma de preven\u00e7\u00e3o. A linguagem utilizada facilitou o entendimento, tornando o tema acess\u00edvel para todos os colaboradores\u201d.<\/em><\/p>\n\n\n\n<p>Ainda de acordo com Kesia, destaca-se a abordagem direta e o foco na conscientiza\u00e7\u00e3o pr\u00e1tica, incentivando atitudes preventivas no dia a dia: <em>\u201cDe forma geral, a palestra cumpriu seu objetivo e contribuiu para a promo\u00e7\u00e3o da sa\u00fade e preven\u00e7\u00e3o no ambiente de trabalho\u201d,<\/em> destacou.<\/p>\n\n\n\n<figure class=\"wp-block-image aligncenter size-full\"><img decoding=\"async\" width=\"600\" height=\"450\" src=\"https:\/\/faacz.com.br\/portal\/wp-content\/uploads\/2026\/04\/foto_24_04_26_03.png\" alt=\"\" class=\"wp-image-39952\" srcset=\"https:\/\/faacz.com.br\/portal\/wp-content\/uploads\/2026\/04\/foto_24_04_26_03.png 600w, https:\/\/faacz.com.br\/portal\/wp-content\/uploads\/2026\/04\/foto_24_04_26_03-24x18.png 24w, https:\/\/faacz.com.br\/portal\/wp-content\/uploads\/2026\/04\/foto_24_04_26_03-36x27.png 36w, https:\/\/faacz.com.br\/portal\/wp-content\/uploads\/2026\/04\/foto_24_04_26_03-48x36.png 48w\" sizes=\"(max-width: 600px) 100vw, 600px\" \/><\/figure>\n\n\n\n<p>Para a aluna Emily Loureiro Tetzlaff, a experi\u00eancia proporcionou importante aprendizado acad\u00eamico e profissional: <em>\u201cParticipar dessa atividade na empresa Gransal com a minha turma de est\u00e1gio foi uma experi\u00eancia muito enriquecedora. Como acad\u00eamica de Enfermagem, poder levar informa\u00e7\u00f5es sobre as vacinas do trabalhador nos aproxima da pr\u00e1tica real e refor\u00e7a o nosso papel na promo\u00e7\u00e3o da sa\u00fade e preven\u00e7\u00e3o de doen\u00e7as\u201d.<\/em><\/p>\n\n\n\n<p>Emily afirmou ainda: <em>\u201cFoi muito importante perceber o interesse dos trabalhadores e como esse tipo de orienta\u00e7\u00e3o pode impactar diretamente na qualidade de vida e seguran\u00e7a deles no ambiente de trabalho. Ao mesmo tempo, essa viv\u00eancia contribui para a nossa forma\u00e7\u00e3o, tornando-nos profissionais mais preparados, conscientes e comprometidos com o cuidado coletivo. Falar sobre vacina\u00e7\u00e3o \u00e9 cuidar, \u00e9 prevenir, e \u00e9 essencial tanto para n\u00f3s, futuros enfermeiros, quanto para toda a popula\u00e7\u00e3o trabalhadora\u201d.<\/em><\/p>\n\n\n\n<figure class=\"wp-block-image aligncenter size-full\"><img loading=\"lazy\" decoding=\"async\" width=\"600\" height=\"450\" src=\"https:\/\/faacz.com.br\/portal\/wp-content\/uploads\/2026\/04\/foto_24_04_26_04.png\" alt=\"\" class=\"wp-image-39953\" srcset=\"https:\/\/faacz.com.br\/portal\/wp-content\/uploads\/2026\/04\/foto_24_04_26_04.png 600w, https:\/\/faacz.com.br\/portal\/wp-content\/uploads\/2026\/04\/foto_24_04_26_04-24x18.png 24w, https:\/\/faacz.com.br\/portal\/wp-content\/uploads\/2026\/04\/foto_24_04_26_04-36x27.png 36w, https:\/\/faacz.com.br\/portal\/wp-content\/uploads\/2026\/04\/foto_24_04_26_04-48x36.png 48w\" sizes=\"(max-width: 600px) 100vw, 600px\" \/><\/figure>\n\n\n\n<p>A atividade integra a proposta pedag\u00f3gica do curso de Enfermagem da FAACZ, que busca aliar teoria e pr\u00e1tica por meio de a\u00e7\u00f5es extensionistas e viv\u00eancias reais, preparando profissionais capacitados e comprometidos com a sa\u00fade coletiva.<\/p>\n\n\n\n<p>Iniciativas como essa fortalecem o v\u00ednculo entre a academia e a comunidade, despertando nos futuros enfermeiros a sensibilidade para as necessidades do trabalhador e a import\u00e2ncia da atua\u00e7\u00e3o preventiva dentro das empresas. Ao levar conhecimento sobre vacina\u00e7\u00e3o e HPV a um ambiente corporativo, os alunos consolidam seus saberes t\u00e9cnicos e exercem, na pr\u00e1tica, o papel de agentes transformadores da realidade social.<\/p>\n\n\n\n<p>A participa\u00e7\u00e3o da aluna do 7\u00ba per\u00edodo \u00cdris Deolindo Oliveira demonstra, ainda, o esp\u00edrito colaborativo entre as diferentes fases da gradua\u00e7\u00e3o, enriquecendo a forma\u00e7\u00e3o tanto dos veteranos quanto dos que ainda est\u00e3o em processo de aprendizado.<\/p>\n\n\n\n<figure class=\"wp-block-image aligncenter size-full\"><img loading=\"lazy\" decoding=\"async\" width=\"600\" height=\"450\" src=\"https:\/\/faacz.com.br\/portal\/wp-content\/uploads\/2026\/04\/foto_24_04_26_05.png\" alt=\"\" class=\"wp-image-39954\" srcset=\"https:\/\/faacz.com.br\/portal\/wp-content\/uploads\/2026\/04\/foto_24_04_26_05.png 600w, https:\/\/faacz.com.br\/portal\/wp-content\/uploads\/2026\/04\/foto_24_04_26_05-24x18.png 24w, https:\/\/faacz.com.br\/portal\/wp-content\/uploads\/2026\/04\/foto_24_04_26_05-36x27.png 36w, https:\/\/faacz.com.br\/portal\/wp-content\/uploads\/2026\/04\/foto_24_04_26_05-48x36.png 48w\" sizes=\"(max-width: 600px) 100vw, 600px\" \/><\/figure>\n\n\n\n<p><em><strong>Texto: Alessandro Bitti<\/strong><\/em><strong><br><\/strong><em>E-mail: comunicacao@fsjb.edu.br<\/em><em><br>alessandro@fsjb.edu.br<\/em><\/p>\n\n\n\n<p>Data da publica\u00e7\u00e3o: 24\/04\/2026<\/p>\n","protected":false},"excerpt":{"rendered":"<p>Os estudantes do 9\u00ba per\u00edodo do curso de Enfermagem da FAACZ (Faculdades Integradas de Aracruz) realizaram, no dia 22 de abril de 2026, uma atividade pr\u00e1tica na empresa Gransal Granitos Aracruz, voltada \u00e0 promo\u00e7\u00e3o da sa\u00fade e \u00e0 preven\u00e7\u00e3o de doen\u00e7as no ambiente de trabalho. Na ocasi\u00e3o, os acad\u00eamicos contaram com a participa\u00e7\u00e3o especial da aluna \u00cdris Deolindo Oliveira, do 7\u00ba per\u00edodo do mesmo curso. Acompanhados pela preceptora do curso, a enfermeira Elisangela Rodrigues Pereira, os estudantes ministraram uma palestra sobre vacina\u00e7\u00e3o, HPV e a import\u00e2ncia da imuniza\u00e7\u00e3o, al\u00e9m de abordarem a Lei n\u00ba 15.377\/2026. Participaram da a\u00e7\u00e3o os alunos do 9\u00ba per\u00edodo Aldenizia Ferreira Carvalho, Diego Medani Cavaglieri, Elizandra Santos Nogueira, Emily Loureiro Tetzlaff, Lucas dos Santos Nascimento, Samira de Jesus Lima Vieira e Val\u00e9ria Duarte da Silva, bem como a convidada especial \u00cdris Deolindo Oliveira, do 7\u00ba per\u00edodo. De acordo com Kesia Carla Ferreira Loureiro, coordenadora de Seguran\u00e7a do Trabalho da Gransal, a iniciativa alcan\u00e7ou resultados positivos junto aos colaboradores da empresa: \u201cA palestra sobre \u2018Calend\u00e1rio de Vacina\u00e7\u00e3o do Adulto e HPV\u2019 foi clara, objetiva e trouxe informa\u00e7\u00f5es relevantes para o p\u00fablico, principalmente ao abordar os riscos \u00e0 sa\u00fade e a import\u00e2ncia da vacina\u00e7\u00e3o como forma de preven\u00e7\u00e3o. A linguagem utilizada facilitou o entendimento, tornando o tema acess\u00edvel para todos os colaboradores\u201d. Ainda de acordo com Kesia, destaca-se a abordagem direta e o foco na conscientiza\u00e7\u00e3o pr\u00e1tica, incentivando atitudes preventivas no dia a dia: \u201cDe forma geral, a palestra cumpriu seu objetivo e contribuiu para a promo\u00e7\u00e3o da sa\u00fade e preven\u00e7\u00e3o no ambiente de trabalho\u201d, destacou. Para a aluna Emily Loureiro Tetzlaff, a experi\u00eancia proporcionou importante aprendizado acad\u00eamico e profissional: \u201cParticipar dessa atividade na empresa Gransal com a minha turma de est\u00e1gio foi uma experi\u00eancia muito enriquecedora. Como acad\u00eamica de Enfermagem, poder levar informa\u00e7\u00f5es sobre as vacinas do trabalhador nos aproxima da pr\u00e1tica real e refor\u00e7a o nosso papel na promo\u00e7\u00e3o da sa\u00fade e preven\u00e7\u00e3o de doen\u00e7as\u201d. Emily afirmou ainda: \u201cFoi muito importante perceber o interesse dos trabalhadores e como esse tipo de orienta\u00e7\u00e3o pode impactar diretamente na qualidade de vida e seguran\u00e7a deles no ambiente de trabalho. Ao mesmo tempo, essa viv\u00eancia contribui para a nossa forma\u00e7\u00e3o, tornando-nos profissionais mais preparados, conscientes e comprometidos com o cuidado coletivo. Falar sobre vacina\u00e7\u00e3o \u00e9 cuidar, \u00e9 prevenir, e \u00e9 essencial tanto para n\u00f3s, futuros enfermeiros, quanto para toda a popula\u00e7\u00e3o trabalhadora\u201d. A atividade integra a proposta pedag\u00f3gica do curso de Enfermagem da FAACZ, que busca aliar teoria e pr\u00e1tica por meio de a\u00e7\u00f5es extensionistas e viv\u00eancias reais, preparando profissionais capacitados e comprometidos com a sa\u00fade coletiva. Iniciativas como essa fortalecem o v\u00ednculo entre a academia e a comunidade, despertando nos futuros enfermeiros a sensibilidade para as necessidades do trabalhador e a import\u00e2ncia da atua\u00e7\u00e3o preventiva dentro das empresas. Ao levar conhecimento sobre vacina\u00e7\u00e3o e HPV a um ambiente corporativo, os alunos consolidam seus saberes t\u00e9cnicos e exercem, na pr\u00e1tica, o papel de agentes transformadores da realidade social. A participa\u00e7\u00e3o da aluna do 7\u00ba per\u00edodo \u00cdris Deolindo Oliveira demonstra, ainda, o esp\u00edrito colaborativo entre as diferentes fases da gradua\u00e7\u00e3o, enriquecendo a forma\u00e7\u00e3o tanto dos veteranos quanto dos que ainda est\u00e3o em processo de aprendizado. Texto: Alessandro BittiE-mail: comunicacao@fsjb.edu.bralessandro@fsjb.edu.br Data da publica\u00e7\u00e3o: 24\/04\/2026<\/p>\n","protected":false},"author":2,"featured_media":39950,"comment_status":"closed","ping_status":"closed","sticky":false,"template":"","format":"standard","meta":{"om_disable_all_campaigns":false,"_exactmetrics_skip_tracking":false,"_exactmetrics_sitenote_active":false,"_exactmetrics_sitenote_note":"","_exactmetrics_sitenote_category":0,"_monsterinsights_skip_tracking":false,"_monsterinsights_sitenote_active":false,"_monsterinsights_sitenote_note":"","_monsterinsights_sitenote_category":0,"footnotes":""},"categories":[171],"tags":[],"class_list":["post-39949","post","type-post","status-publish","format-standard","has-post-thumbnail","hentry","category-enfermagem"],"aioseo_notices":[],"_links":{"self":[{"href":"https:\/\/faacz.com.br\/portal\/wp-json\/wp\/v2\/posts\/39949"}],"collection":[{"href":"https:\/\/faacz.com.br\/portal\/wp-json\/wp\/v2\/posts"}],"about":[{"href":"https:\/\/faacz.com.br\/portal\/wp-json\/wp\/v2\/types\/post"}],"author":[{"embeddable":true,"href":"https:\/\/faacz.com.br\/portal\/wp-json\/wp\/v2\/users\/2"}],"replies":[{"embeddable":true,"href":"https:\/\/faacz.com.br\/portal\/wp-json\/wp\/v2\/comments?post=39949"}],"version-history":[{"count":1,"href":"https:\/\/faacz.com.br\/portal\/wp-json\/wp\/v2\/posts\/39949\/revisions"}],"predecessor-version":[{"id":39955,"href":"https:\/\/faacz.com.br\/portal\/wp-json\/wp\/v2\/posts\/39949\/revisions\/39955"}],"wp:featuredmedia":[{"embeddable":true,"href":"https:\/\/faacz.com.br\/portal\/wp-json\/wp\/v2\/media\/39950"}],"wp:attachment":[{"href":"https:\/\/faacz.com.br\/portal\/wp-json\/wp\/v2\/media?parent=39949"}],"wp:term":[{"taxonomy":"category","embeddable":true,"href":"https:\/\/faacz.com.br\/portal\/wp-json\/wp\/v2\/categories?post=39949"},{"taxonomy":"post_tag","embeddable":true,"href":"https:\/\/faacz.com.br\/portal\/wp-json\/wp\/v2\/tags?post=39949"}],"curies":[{"name":"wp","href":"https:\/\/api.w.org\/{rel}","templated":true}]}}