{"id":39856,"date":"2026-04-02T12:53:41","date_gmt":"2026-04-02T15:53:41","guid":{"rendered":"https:\/\/faacz.com.br\/portal\/?p=39856"},"modified":"2026-04-02T12:53:43","modified_gmt":"2026-04-02T15:53:43","slug":"fsjb-celebra-70-anos-destacando-legado-historico-expansao-institucional-e-compromisso-com-a-educacao-e-a-comunidade","status":"publish","type":"post","link":"https:\/\/faacz.com.br\/portal\/fsjb-celebra-70-anos-destacando-legado-historico-expansao-institucional-e-compromisso-com-a-educacao-e-a-comunidade\/","title":{"rendered":"FSJB celebra 70 anos destacando legado hist\u00f3rico, expans\u00e3o institucional e compromisso com a educa\u00e7\u00e3o e a comunidade"},"content":{"rendered":"\n<figure class=\"wp-block-image aligncenter size-full\"><img fetchpriority=\"high\" decoding=\"async\" width=\"600\" height=\"450\" src=\"https:\/\/faacz.com.br\/portal\/wp-content\/uploads\/2026\/04\/foto_02_04_26_01.png\" alt=\"\" class=\"wp-image-39857\" srcset=\"https:\/\/faacz.com.br\/portal\/wp-content\/uploads\/2026\/04\/foto_02_04_26_01.png 600w, https:\/\/faacz.com.br\/portal\/wp-content\/uploads\/2026\/04\/foto_02_04_26_01-24x18.png 24w, https:\/\/faacz.com.br\/portal\/wp-content\/uploads\/2026\/04\/foto_02_04_26_01-36x27.png 36w, https:\/\/faacz.com.br\/portal\/wp-content\/uploads\/2026\/04\/foto_02_04_26_01-48x36.png 48w\" sizes=\"(max-width: 600px) 100vw, 600px\" \/><\/figure>\n\n\n\n<p>Sete d\u00e9cadas de hist\u00f3ria institucional foram celebradas na \u00faltima sexta-feira, 27 de mar\u00e7o de 2026, durante uma cerim\u00f4nia especial realizada no audit\u00f3rio da <strong><a href=\"https:\/\/fsjb.edu.br\/portal\/\" target=\"_blank\" rel=\"noopener\" title=\"\">Funda\u00e7\u00e3o S\u00e3o Jo\u00e3o Batista (FSJB)<\/a>. <\/strong>O encontro reuniu funcion\u00e1rios t\u00e9cnico-administrativos e operacionais das mantidas \u2013 <strong><a href=\"http:\/\/www.faacz.com.br\/portal\/\" target=\"_blank\" rel=\"noopener\" title=\"\">Faculdades Integradas de Aracruz (FAACZ)<\/a> <\/strong>e <strong><a href=\"https:\/\/cearacruz.com.br\/portal\/\" target=\"_blank\" rel=\"noopener\" title=\"\">Centro Educacional de Aracruz (CEA)<\/a><\/strong> \u2013, al\u00e9m de coordenadores de curso, gestores e representantes da mantenedora, que participaram de um momento dedicado ao reconhecimento da trajet\u00f3ria e do impacto social da institui\u00e7\u00e3o.<\/p>\n\n\n\n<figure class=\"wp-block-gallery has-nested-images columns-default is-cropped wp-block-gallery-1 is-layout-flex wp-block-gallery-is-layout-flex\">\n<figure class=\"wp-block-image size-large\"><img decoding=\"async\" width=\"600\" height=\"450\" data-id=\"39858\" src=\"https:\/\/faacz.com.br\/portal\/wp-content\/uploads\/2026\/04\/foto_02_04_26_02.png\" alt=\"\" class=\"wp-image-39858\" srcset=\"https:\/\/faacz.com.br\/portal\/wp-content\/uploads\/2026\/04\/foto_02_04_26_02.png 600w, https:\/\/faacz.com.br\/portal\/wp-content\/uploads\/2026\/04\/foto_02_04_26_02-24x18.png 24w, https:\/\/faacz.com.br\/portal\/wp-content\/uploads\/2026\/04\/foto_02_04_26_02-36x27.png 36w, https:\/\/faacz.com.br\/portal\/wp-content\/uploads\/2026\/04\/foto_02_04_26_02-48x36.png 48w\" sizes=\"(max-width: 600px) 100vw, 600px\" \/><\/figure>\n\n\n\n<figure class=\"wp-block-image size-large\"><img decoding=\"async\" width=\"600\" height=\"450\" data-id=\"39859\" src=\"https:\/\/faacz.com.br\/portal\/wp-content\/uploads\/2026\/04\/foto_02_04_26_03.png\" alt=\"\" class=\"wp-image-39859\" srcset=\"https:\/\/faacz.com.br\/portal\/wp-content\/uploads\/2026\/04\/foto_02_04_26_03.png 600w, https:\/\/faacz.com.br\/portal\/wp-content\/uploads\/2026\/04\/foto_02_04_26_03-24x18.png 24w, https:\/\/faacz.com.br\/portal\/wp-content\/uploads\/2026\/04\/foto_02_04_26_03-36x27.png 36w, https:\/\/faacz.com.br\/portal\/wp-content\/uploads\/2026\/04\/foto_02_04_26_03-48x36.png 48w\" sizes=\"(max-width: 600px) 100vw, 600px\" \/><\/figure>\n\n\n\n<figure class=\"wp-block-image size-large\"><img loading=\"lazy\" decoding=\"async\" width=\"600\" height=\"450\" data-id=\"39860\" src=\"https:\/\/faacz.com.br\/portal\/wp-content\/uploads\/2026\/04\/foto_02_04_26_04.png\" alt=\"\" class=\"wp-image-39860\" srcset=\"https:\/\/faacz.com.br\/portal\/wp-content\/uploads\/2026\/04\/foto_02_04_26_04.png 600w, https:\/\/faacz.com.br\/portal\/wp-content\/uploads\/2026\/04\/foto_02_04_26_04-24x18.png 24w, https:\/\/faacz.com.br\/portal\/wp-content\/uploads\/2026\/04\/foto_02_04_26_04-36x27.png 36w, https:\/\/faacz.com.br\/portal\/wp-content\/uploads\/2026\/04\/foto_02_04_26_04-48x36.png 48w\" sizes=\"(max-width: 600px) 100vw, 600px\" \/><\/figure>\n<\/figure>\n\n\n\n<p>A celebra\u00e7\u00e3o foi marcada por homenagens aos fundadores, especialmente ao Monsenhor Guilherme Schmitz, vision\u00e1rio que idealizou, em 1956, a cria\u00e7\u00e3o da Funda\u00e7\u00e3o e tamb\u00e9m do <a href=\"https:\/\/www.hospitalsaocamilo.org.br\/\" target=\"_blank\" rel=\"noopener\" title=\"\"><strong>Hospital Maternidade S\u00e3o Camilo.<\/strong> <\/a>Esses projetos estruturaram os pilares que ainda hoje sustentam o desenvolvimento de Aracruz: educa\u00e7\u00e3o e sa\u00fade. Em seu depoimento, a presidente da FSJB, Celi Cabral, destacou que <em>\u201ca Funda\u00e7\u00e3o \u00e9 uma jovem senhora de 70 anos\u201d<\/em> e afirmou que os fundadores e o Monsenhor Guilherme, <em>\u201cuma pessoa singela, uma pessoa santa\u201d,<\/em> certamente estariam felizes com a homenagem.<\/p>\n\n\n\n<figure class=\"wp-block-image aligncenter size-full\"><img loading=\"lazy\" decoding=\"async\" width=\"600\" height=\"450\" src=\"https:\/\/faacz.com.br\/portal\/wp-content\/uploads\/2026\/04\/foto_02_04_26_05.png\" alt=\"\" class=\"wp-image-39861\" srcset=\"https:\/\/faacz.com.br\/portal\/wp-content\/uploads\/2026\/04\/foto_02_04_26_05.png 600w, https:\/\/faacz.com.br\/portal\/wp-content\/uploads\/2026\/04\/foto_02_04_26_05-24x18.png 24w, https:\/\/faacz.com.br\/portal\/wp-content\/uploads\/2026\/04\/foto_02_04_26_05-36x27.png 36w, https:\/\/faacz.com.br\/portal\/wp-content\/uploads\/2026\/04\/foto_02_04_26_05-48x36.png 48w\" sizes=\"(max-width: 600px) 100vw, 600px\" \/><\/figure>\n\n\n\n<p>Celi, que integra a FSJB desde 1984, ressaltou o orgulho de seguir \u00e0 frente do legado iniciado no munic\u00edpio. Ela ocupa o assento que pertenceu ao Monsenhor Guilherme na Assembleia Geral h\u00e1 42 anos e est\u00e1 na presid\u00eancia desde 2006, somando duas d\u00e9cadas de lideran\u00e7a. Ao mencionar momentos marcantes de sua trajet\u00f3ria, recordou transforma\u00e7\u00f5es hist\u00f3ricas vividas pela Funda\u00e7\u00e3o e afirmou que Deus lhe deu <em>\u201cenergia para seguir na miss\u00e3o\u201d.<\/em> A presidente refor\u00e7ou ainda que o sonho do fundador de ver instalada uma faculdade em Aracruz foi realizado e que a institui\u00e7\u00e3o segue avan\u00e7ando com o compromisso de <em>\u201crealizar sonhos todos os dias\u201d.<\/em><\/p>\n\n\n\n<figure class=\"wp-block-gallery has-nested-images columns-default is-cropped wp-block-gallery-2 is-layout-flex wp-block-gallery-is-layout-flex\">\n<figure class=\"wp-block-image size-large\"><img loading=\"lazy\" decoding=\"async\" width=\"600\" height=\"450\" data-id=\"39862\" src=\"https:\/\/faacz.com.br\/portal\/wp-content\/uploads\/2026\/04\/foto_02_04_26_06.png\" alt=\"\" class=\"wp-image-39862\" srcset=\"https:\/\/faacz.com.br\/portal\/wp-content\/uploads\/2026\/04\/foto_02_04_26_06.png 600w, https:\/\/faacz.com.br\/portal\/wp-content\/uploads\/2026\/04\/foto_02_04_26_06-24x18.png 24w, https:\/\/faacz.com.br\/portal\/wp-content\/uploads\/2026\/04\/foto_02_04_26_06-36x27.png 36w, https:\/\/faacz.com.br\/portal\/wp-content\/uploads\/2026\/04\/foto_02_04_26_06-48x36.png 48w\" sizes=\"(max-width: 600px) 100vw, 600px\" \/><\/figure>\n\n\n\n<figure class=\"wp-block-image size-large\"><img loading=\"lazy\" decoding=\"async\" width=\"600\" height=\"450\" data-id=\"39863\" src=\"https:\/\/faacz.com.br\/portal\/wp-content\/uploads\/2026\/04\/foto_02_04_26_07.png\" alt=\"\" class=\"wp-image-39863\" srcset=\"https:\/\/faacz.com.br\/portal\/wp-content\/uploads\/2026\/04\/foto_02_04_26_07.png 600w, https:\/\/faacz.com.br\/portal\/wp-content\/uploads\/2026\/04\/foto_02_04_26_07-24x18.png 24w, https:\/\/faacz.com.br\/portal\/wp-content\/uploads\/2026\/04\/foto_02_04_26_07-36x27.png 36w, https:\/\/faacz.com.br\/portal\/wp-content\/uploads\/2026\/04\/foto_02_04_26_07-48x36.png 48w\" sizes=\"(max-width: 600px) 100vw, 600px\" \/><\/figure>\n\n\n\n<figure class=\"wp-block-image size-large\"><img loading=\"lazy\" decoding=\"async\" width=\"600\" height=\"450\" data-id=\"39864\" src=\"https:\/\/faacz.com.br\/portal\/wp-content\/uploads\/2026\/04\/foto_02_04_26_08.png\" alt=\"\" class=\"wp-image-39864\" srcset=\"https:\/\/faacz.com.br\/portal\/wp-content\/uploads\/2026\/04\/foto_02_04_26_08.png 600w, https:\/\/faacz.com.br\/portal\/wp-content\/uploads\/2026\/04\/foto_02_04_26_08-24x18.png 24w, https:\/\/faacz.com.br\/portal\/wp-content\/uploads\/2026\/04\/foto_02_04_26_08-36x27.png 36w, https:\/\/faacz.com.br\/portal\/wp-content\/uploads\/2026\/04\/foto_02_04_26_08-48x36.png 48w\" sizes=\"(max-width: 600px) 100vw, 600px\" \/><\/figure>\n<\/figure>\n\n\n\n<p>O diretor executivo da FSJB, professor M\u00e9riton Soares da Silva, deu as boas-vindas aos presentes enfatizando o car\u00e1ter hist\u00f3rico da celebra\u00e7\u00e3o: <em>\u201c\u00c9 um prazer receber todos voc\u00eas aqui. Hoje fazemos uma pequena homenagem pelos 70 anos da Funda\u00e7\u00e3o\u201d, <\/em>afirmou. Ele destacou que a FSJB atua hoje em tr\u00eas frentes: a FAACZ, o CEA e a FSJB Consultoria, que presta servi\u00e7os t\u00e9cnicos a empresas, \u00f3rg\u00e3os p\u00fablicos e \u00e0 comunidade. Segundo ele, \u00e9 fundamental que os colaboradores reconhe\u00e7am a for\u00e7a desses <em>\u201ctr\u00eas pilares essenciais\u201d<\/em> e a import\u00e2ncia da manuten\u00e7\u00e3o desse legado.<\/p>\n\n\n\n<figure class=\"wp-block-image aligncenter size-full\"><img loading=\"lazy\" decoding=\"async\" width=\"600\" height=\"450\" src=\"https:\/\/faacz.com.br\/portal\/wp-content\/uploads\/2026\/04\/foto_02_04_26_09.png\" alt=\"\" class=\"wp-image-39865\" srcset=\"https:\/\/faacz.com.br\/portal\/wp-content\/uploads\/2026\/04\/foto_02_04_26_09.png 600w, https:\/\/faacz.com.br\/portal\/wp-content\/uploads\/2026\/04\/foto_02_04_26_09-24x18.png 24w, https:\/\/faacz.com.br\/portal\/wp-content\/uploads\/2026\/04\/foto_02_04_26_09-36x27.png 36w, https:\/\/faacz.com.br\/portal\/wp-content\/uploads\/2026\/04\/foto_02_04_26_09-48x36.png 48w\" sizes=\"(max-width: 600px) 100vw, 600px\" \/><\/figure>\n\n\n\n<p>M\u00e9riton ressaltou ainda que sua trajet\u00f3ria pessoal se entrela\u00e7a com a da institui\u00e7\u00e3o, pois integrou uma das primeiras turmas da antiga Faculdade de Ci\u00eancias Humanas de Aracruz (FACHA), atual FAACZ. Ele afirmou que a FSJB \u00e9 <em>\u201cuma empresa consolidada\u201d,<\/em> que avan\u00e7a com compet\u00eancia e agilidade, e que caminha para se tornar centen\u00e1ria devido \u00e0 consist\u00eancia de sua gest\u00e3o. O diretor tamb\u00e9m destacou os 20 anos de presid\u00eancia de Celi Cabral e seu compromisso com a continuidade do projeto institucional.<\/p>\n\n\n\n<figure class=\"wp-block-image aligncenter size-full\"><img loading=\"lazy\" decoding=\"async\" width=\"600\" height=\"450\" src=\"https:\/\/faacz.com.br\/portal\/wp-content\/uploads\/2026\/04\/foto_02_04_26_10.png\" alt=\"\" class=\"wp-image-39866\" srcset=\"https:\/\/faacz.com.br\/portal\/wp-content\/uploads\/2026\/04\/foto_02_04_26_10.png 600w, https:\/\/faacz.com.br\/portal\/wp-content\/uploads\/2026\/04\/foto_02_04_26_10-24x18.png 24w, https:\/\/faacz.com.br\/portal\/wp-content\/uploads\/2026\/04\/foto_02_04_26_10-36x27.png 36w, https:\/\/faacz.com.br\/portal\/wp-content\/uploads\/2026\/04\/foto_02_04_26_10-48x36.png 48w\" sizes=\"(max-width: 600px) 100vw, 600px\" \/><\/figure>\n\n\n\n<p>O encerramento da cerim\u00f4nia refor\u00e7ou o respeito \u00e0s origens da FSJB e renovou o compromisso institucional com o futuro. A gest\u00e3o destacou a import\u00e2ncia da continuidade dos projetos que impulsionam o desenvolvimento educacional e social de Aracruz, reconhecendo o trabalho das equipes e o impacto das mantidas na forma\u00e7\u00e3o de profissionais que atuam no munic\u00edpio e na regi\u00e3o. O momento tamb\u00e9m evidenciou o papel da Funda\u00e7\u00e3o na transforma\u00e7\u00e3o da comunidade ao longo de sete d\u00e9cadas, reafirmando sua miss\u00e3o de manter vivo o legado iniciado na d\u00e9cada de 1950 e seguir contribuindo para o crescimento local.<\/p>\n\n\n\n<p><em><strong>Texto: Alessandro Bitti<\/strong><\/em><strong><br><\/strong><em>E-mail: comunicacao@fsjb.edu.br<\/em><em><br>alessandro@fsjb.edu.br<\/em><\/p>\n\n\n\n<p>Data da publica\u00e7\u00e3o: 02\/04\/2026<\/p>\n","protected":false},"excerpt":{"rendered":"<p>Sete d\u00e9cadas de hist\u00f3ria institucional foram celebradas na \u00faltima sexta-feira, 27 de mar\u00e7o de 2026, durante uma cerim\u00f4nia especial realizada no audit\u00f3rio da Funda\u00e7\u00e3o S\u00e3o Jo\u00e3o Batista (FSJB). O encontro reuniu funcion\u00e1rios t\u00e9cnico-administrativos e operacionais das mantidas \u2013 Faculdades Integradas de Aracruz (FAACZ) e Centro Educacional de Aracruz (CEA) \u2013, al\u00e9m de coordenadores de curso, gestores e representantes da mantenedora, que participaram de um momento dedicado ao reconhecimento da trajet\u00f3ria e do impacto social da institui\u00e7\u00e3o. A celebra\u00e7\u00e3o foi marcada por homenagens aos fundadores, especialmente ao Monsenhor Guilherme Schmitz, vision\u00e1rio que idealizou, em 1956, a cria\u00e7\u00e3o da Funda\u00e7\u00e3o e tamb\u00e9m do Hospital Maternidade S\u00e3o Camilo. Esses projetos estruturaram os pilares que ainda hoje sustentam o desenvolvimento de Aracruz: educa\u00e7\u00e3o e sa\u00fade. Em seu depoimento, a presidente da FSJB, Celi Cabral, destacou que \u201ca Funda\u00e7\u00e3o \u00e9 uma jovem senhora de 70 anos\u201d e afirmou que os fundadores e o Monsenhor Guilherme, \u201cuma pessoa singela, uma pessoa santa\u201d, certamente estariam felizes com a homenagem. Celi, que integra a FSJB desde 1984, ressaltou o orgulho de seguir \u00e0 frente do legado iniciado no munic\u00edpio. Ela ocupa o assento que pertenceu ao Monsenhor Guilherme na Assembleia Geral h\u00e1 42 anos e est\u00e1 na presid\u00eancia desde 2006, somando duas d\u00e9cadas de lideran\u00e7a. Ao mencionar momentos marcantes de sua trajet\u00f3ria, recordou transforma\u00e7\u00f5es hist\u00f3ricas vividas pela Funda\u00e7\u00e3o e afirmou que Deus lhe deu \u201cenergia para seguir na miss\u00e3o\u201d. A presidente refor\u00e7ou ainda que o sonho do fundador de ver instalada uma faculdade em Aracruz foi realizado e que a institui\u00e7\u00e3o segue avan\u00e7ando com o compromisso de \u201crealizar sonhos todos os dias\u201d. O diretor executivo da FSJB, professor M\u00e9riton Soares da Silva, deu as boas-vindas aos presentes enfatizando o car\u00e1ter hist\u00f3rico da celebra\u00e7\u00e3o: \u201c\u00c9 um prazer receber todos voc\u00eas aqui. Hoje fazemos uma pequena homenagem pelos 70 anos da Funda\u00e7\u00e3o\u201d, afirmou. Ele destacou que a FSJB atua hoje em tr\u00eas frentes: a FAACZ, o CEA e a FSJB Consultoria, que presta servi\u00e7os t\u00e9cnicos a empresas, \u00f3rg\u00e3os p\u00fablicos e \u00e0 comunidade. Segundo ele, \u00e9 fundamental que os colaboradores reconhe\u00e7am a for\u00e7a desses \u201ctr\u00eas pilares essenciais\u201d e a import\u00e2ncia da manuten\u00e7\u00e3o desse legado. M\u00e9riton ressaltou ainda que sua trajet\u00f3ria pessoal se entrela\u00e7a com a da institui\u00e7\u00e3o, pois integrou uma das primeiras turmas da antiga Faculdade de Ci\u00eancias Humanas de Aracruz (FACHA), atual FAACZ. Ele afirmou que a FSJB \u00e9 \u201cuma empresa consolidada\u201d, que avan\u00e7a com compet\u00eancia e agilidade, e que caminha para se tornar centen\u00e1ria devido \u00e0 consist\u00eancia de sua gest\u00e3o. O diretor tamb\u00e9m destacou os 20 anos de presid\u00eancia de Celi Cabral e seu compromisso com a continuidade do projeto institucional. O encerramento da cerim\u00f4nia refor\u00e7ou o respeito \u00e0s origens da FSJB e renovou o compromisso institucional com o futuro. A gest\u00e3o destacou a import\u00e2ncia da continuidade dos projetos que impulsionam o desenvolvimento educacional e social de Aracruz, reconhecendo o trabalho das equipes e o impacto das mantidas na forma\u00e7\u00e3o de profissionais que atuam no munic\u00edpio e na regi\u00e3o. O momento tamb\u00e9m evidenciou o papel da Funda\u00e7\u00e3o na transforma\u00e7\u00e3o da comunidade ao longo de sete d\u00e9cadas, reafirmando sua miss\u00e3o de manter vivo o legado iniciado na d\u00e9cada de 1950 e seguir contribuindo para o crescimento local. Texto: Alessandro BittiE-mail: comunicacao@fsjb.edu.bralessandro@fsjb.edu.br Data da publica\u00e7\u00e3o: 02\/04\/2026<\/p>\n","protected":false},"author":2,"featured_media":39858,"comment_status":"closed","ping_status":"closed","sticky":false,"template":"","format":"standard","meta":{"om_disable_all_campaigns":false,"_exactmetrics_skip_tracking":false,"_exactmetrics_sitenote_active":false,"_exactmetrics_sitenote_note":"","_exactmetrics_sitenote_category":0,"_monsterinsights_skip_tracking":false,"_monsterinsights_sitenote_active":false,"_monsterinsights_sitenote_note":"","_monsterinsights_sitenote_category":0,"footnotes":""},"categories":[35],"tags":[],"class_list":["post-39856","post","type-post","status-publish","format-standard","has-post-thumbnail","hentry","category-fsjb"],"aioseo_notices":[],"_links":{"self":[{"href":"https:\/\/faacz.com.br\/portal\/wp-json\/wp\/v2\/posts\/39856"}],"collection":[{"href":"https:\/\/faacz.com.br\/portal\/wp-json\/wp\/v2\/posts"}],"about":[{"href":"https:\/\/faacz.com.br\/portal\/wp-json\/wp\/v2\/types\/post"}],"author":[{"embeddable":true,"href":"https:\/\/faacz.com.br\/portal\/wp-json\/wp\/v2\/users\/2"}],"replies":[{"embeddable":true,"href":"https:\/\/faacz.com.br\/portal\/wp-json\/wp\/v2\/comments?post=39856"}],"version-history":[{"count":1,"href":"https:\/\/faacz.com.br\/portal\/wp-json\/wp\/v2\/posts\/39856\/revisions"}],"predecessor-version":[{"id":39867,"href":"https:\/\/faacz.com.br\/portal\/wp-json\/wp\/v2\/posts\/39856\/revisions\/39867"}],"wp:featuredmedia":[{"embeddable":true,"href":"https:\/\/faacz.com.br\/portal\/wp-json\/wp\/v2\/media\/39858"}],"wp:attachment":[{"href":"https:\/\/faacz.com.br\/portal\/wp-json\/wp\/v2\/media?parent=39856"}],"wp:term":[{"taxonomy":"category","embeddable":true,"href":"https:\/\/faacz.com.br\/portal\/wp-json\/wp\/v2\/categories?post=39856"},{"taxonomy":"post_tag","embeddable":true,"href":"https:\/\/faacz.com.br\/portal\/wp-json\/wp\/v2\/tags?post=39856"}],"curies":[{"name":"wp","href":"https:\/\/api.w.org\/{rel}","templated":true}]}}