{"id":39765,"date":"2026-03-20T10:30:06","date_gmt":"2026-03-20T13:30:06","guid":{"rendered":"https:\/\/faacz.com.br\/portal\/?p=39765"},"modified":"2026-03-20T10:30:07","modified_gmt":"2026-03-20T13:30:07","slug":"estudantes-da-eeefm-misael-pinto-netto-participam-de-bate-papo-sobre-tribunal-do-juri-na-faacz","status":"publish","type":"post","link":"https:\/\/faacz.com.br\/portal\/estudantes-da-eeefm-misael-pinto-netto-participam-de-bate-papo-sobre-tribunal-do-juri-na-faacz\/","title":{"rendered":"Estudantes da EEEFM \u201cMisael Pinto Netto\u201d participam de bate-papo sobre Tribunal do J\u00fari na FAACZ"},"content":{"rendered":"\n<figure class=\"wp-block-image aligncenter size-full\"><img fetchpriority=\"high\" decoding=\"async\" width=\"600\" height=\"450\" src=\"https:\/\/faacz.com.br\/portal\/wp-content\/uploads\/2026\/03\/foto_20_03_26_01.png\" alt=\"\" class=\"wp-image-39766\" srcset=\"https:\/\/faacz.com.br\/portal\/wp-content\/uploads\/2026\/03\/foto_20_03_26_01.png 600w, https:\/\/faacz.com.br\/portal\/wp-content\/uploads\/2026\/03\/foto_20_03_26_01-24x18.png 24w, https:\/\/faacz.com.br\/portal\/wp-content\/uploads\/2026\/03\/foto_20_03_26_01-36x27.png 36w, https:\/\/faacz.com.br\/portal\/wp-content\/uploads\/2026\/03\/foto_20_03_26_01-48x36.png 48w\" sizes=\"(max-width: 600px) 100vw, 600px\" \/><figcaption class=\"wp-element-caption\">Fotos: Alessandro Bitti.<\/figcaption><\/figure>\n\n\n\n<p>Alunos da 3\u00aa S\u00e9rie do Ensino M\u00e9dio da<strong> <a href=\"https:\/\/www.instagram.com\/escolamisael_oficial\/\" target=\"_blank\" rel=\"noopener\" title=\"\">Escola Estadual de Ensino Fundamental e M\u00e9dio (EEEFM) \u201cMisael Pinto Netto\u201d,<\/a><\/strong> de tempo integral, participaram de um bate-papo com o professor Ronaldo F\u00e9lix, coordenador do <a href=\"https:\/\/faacz.com.br\/portal\/graduacao\/direito\/\" target=\"_blank\" rel=\"noopener\" title=\"\"><strong>curso de Direito<\/strong> <\/a>das <strong><a href=\"http:\/\/www.faacz.com.br\/portal\/\" target=\"_blank\" rel=\"noopener\" title=\"\">Faculdades Integradas de Aracruz (FAACZ).<\/a><\/strong> Os estudantes pertencem a turmas do ensino regular organizadas por \u00e1reas de aprofundamento, como \u201cM\u00eddias e Comunica\u00e7\u00e3o\u201d, \u201cEnergia\u201d, \u201cAdministra\u00e7\u00e3o\u201d e \u201cHumanidades\/Neg\u00f3cios\u201d, conforme o itiner\u00e1rio formativo escolhido.<\/p>\n\n\n\n<figure class=\"wp-block-image aligncenter size-full\"><img decoding=\"async\" width=\"600\" height=\"450\" src=\"https:\/\/faacz.com.br\/portal\/wp-content\/uploads\/2026\/03\/foto_20_03_26_02.png\" alt=\"\" class=\"wp-image-39767\" srcset=\"https:\/\/faacz.com.br\/portal\/wp-content\/uploads\/2026\/03\/foto_20_03_26_02.png 600w, https:\/\/faacz.com.br\/portal\/wp-content\/uploads\/2026\/03\/foto_20_03_26_02-24x18.png 24w, https:\/\/faacz.com.br\/portal\/wp-content\/uploads\/2026\/03\/foto_20_03_26_02-36x27.png 36w, https:\/\/faacz.com.br\/portal\/wp-content\/uploads\/2026\/03\/foto_20_03_26_02-48x36.png 48w\" sizes=\"(max-width: 600px) 100vw, 600px\" \/><\/figure>\n\n\n\n<p>O encontro foi realizado no dia 16 de mar\u00e7o de 2026, no audit\u00f3rio da FAACZ, a partir de convite feito ao docente pela professora de L\u00edngua Portuguesa da escola estadual, Nuciala Mognato Tureta, respons\u00e1vel pelo desenvolvimento de um projeto de J\u00fari Simulado junto aos alunos do Ensino M\u00e9dio. Na ocasi\u00e3o, a diretora acad\u00eamica da FAACZ, professora Adriana Recla Sarcinelli, participou do momento dando as boas-vindas aos estudantes da escola \u201cMisael Pinto Netto\u201d.<\/p>\n\n\n\n<figure class=\"wp-block-image aligncenter size-full\"><img decoding=\"async\" width=\"600\" height=\"450\" src=\"https:\/\/faacz.com.br\/portal\/wp-content\/uploads\/2026\/03\/foto_20_03_26_03.png\" alt=\"\" class=\"wp-image-39768\" srcset=\"https:\/\/faacz.com.br\/portal\/wp-content\/uploads\/2026\/03\/foto_20_03_26_03.png 600w, https:\/\/faacz.com.br\/portal\/wp-content\/uploads\/2026\/03\/foto_20_03_26_03-24x18.png 24w, https:\/\/faacz.com.br\/portal\/wp-content\/uploads\/2026\/03\/foto_20_03_26_03-36x27.png 36w, https:\/\/faacz.com.br\/portal\/wp-content\/uploads\/2026\/03\/foto_20_03_26_03-48x36.png 48w\" sizes=\"(max-width: 600px) 100vw, 600px\" \/><\/figure>\n\n\n\n<p>A atividade tem como objetivo preparar os estudantes para a realiza\u00e7\u00e3o de um j\u00fari na pr\u00f3pria escola, com foco no desenvolvimento de habilidades essenciais como argumenta\u00e7\u00e3o e persuas\u00e3o. Al\u00e9m da professora Nuciala, tamb\u00e9m participaram do momento os docentes da EEEFM \u201cMisael Pinto Netto\u201d: Geziane do Nascimento Oliveira, Saulo Henrique Proscholdt e Shila Krishna de Oliveira Moro.<\/p>\n\n\n\n<figure class=\"wp-block-image aligncenter size-full\"><img loading=\"lazy\" decoding=\"async\" width=\"600\" height=\"450\" src=\"https:\/\/faacz.com.br\/portal\/wp-content\/uploads\/2026\/03\/foto_20_03_26_04.png\" alt=\"\" class=\"wp-image-39769\" srcset=\"https:\/\/faacz.com.br\/portal\/wp-content\/uploads\/2026\/03\/foto_20_03_26_04.png 600w, https:\/\/faacz.com.br\/portal\/wp-content\/uploads\/2026\/03\/foto_20_03_26_04-24x18.png 24w, https:\/\/faacz.com.br\/portal\/wp-content\/uploads\/2026\/03\/foto_20_03_26_04-36x27.png 36w, https:\/\/faacz.com.br\/portal\/wp-content\/uploads\/2026\/03\/foto_20_03_26_04-48x36.png 48w\" sizes=\"(max-width: 600px) 100vw, 600px\" \/><\/figure>\n\n\n\n<p>Durante o encontro, os alunos do Ensino M\u00e9dio tiveram a oportunidade de compreender, na pr\u00e1tica, o funcionamento do Tribunal do J\u00fari. A iniciativa apresentou as etapas do julgamento de crimes dolosos contra a vida, contribuindo para a prepara\u00e7\u00e3o dos estudantes da escola Misael para a simula\u00e7\u00e3o que ser\u00e1 realizada no ambiente escolar.<\/p>\n\n\n\n<figure class=\"wp-block-image aligncenter size-full\"><img loading=\"lazy\" decoding=\"async\" width=\"600\" height=\"450\" src=\"https:\/\/faacz.com.br\/portal\/wp-content\/uploads\/2026\/03\/foto_20_03_26_05.png\" alt=\"\" class=\"wp-image-39770\" srcset=\"https:\/\/faacz.com.br\/portal\/wp-content\/uploads\/2026\/03\/foto_20_03_26_05.png 600w, https:\/\/faacz.com.br\/portal\/wp-content\/uploads\/2026\/03\/foto_20_03_26_05-24x18.png 24w, https:\/\/faacz.com.br\/portal\/wp-content\/uploads\/2026\/03\/foto_20_03_26_05-36x27.png 36w, https:\/\/faacz.com.br\/portal\/wp-content\/uploads\/2026\/03\/foto_20_03_26_05-48x36.png 48w\" sizes=\"(max-width: 600px) 100vw, 600px\" \/><\/figure>\n\n\n\n<p>Em sua explana\u00e7\u00e3o, o professor Ronaldo F\u00e9lix destacou que, diferentemente de pa\u00edses como os Estados Unidos \u2013 onde o j\u00fari \u00e9 aplicado em diversas \u00e1reas do Direito \u2013, no Brasil essa modalidade de julgamento ocorre apenas em casos espec\u00edficos: <em>\u201cO Tribunal do J\u00fari \u00e9 respons\u00e1vel por julgar crimes dolosos contra a vida, como homic\u00eddio, feminic\u00eddio, infantic\u00eddio, induzimento ao suic\u00eddio e aborto\u201d,<\/em> explicou.<\/p>\n\n\n\n<figure class=\"wp-block-image aligncenter size-full\"><img loading=\"lazy\" decoding=\"async\" width=\"600\" height=\"450\" src=\"https:\/\/faacz.com.br\/portal\/wp-content\/uploads\/2026\/03\/foto_20_03_26_06.png\" alt=\"\" class=\"wp-image-39771\" srcset=\"https:\/\/faacz.com.br\/portal\/wp-content\/uploads\/2026\/03\/foto_20_03_26_06.png 600w, https:\/\/faacz.com.br\/portal\/wp-content\/uploads\/2026\/03\/foto_20_03_26_06-24x18.png 24w, https:\/\/faacz.com.br\/portal\/wp-content\/uploads\/2026\/03\/foto_20_03_26_06-36x27.png 36w, https:\/\/faacz.com.br\/portal\/wp-content\/uploads\/2026\/03\/foto_20_03_26_06-48x36.png 48w\" sizes=\"(max-width: 600px) 100vw, 600px\" \/><\/figure>\n\n\n\n<p>O docente tamb\u00e9m detalhou as fases do processo, que incluem a an\u00e1lise inicial para verifica\u00e7\u00e3o de ind\u00edcios do crime, o sorteio dos jurados, o interrogat\u00f3rio do r\u00e9u, a oitiva de testemunhas e os debates entre acusa\u00e7\u00e3o e defesa. Segundo ele, a argumenta\u00e7\u00e3o tem papel central nesse tipo de julgamento, uma vez que os jurados decidem com base em sua \u00edntima convic\u00e7\u00e3o.<\/p>\n\n\n\n<figure class=\"wp-block-image aligncenter size-full\"><img loading=\"lazy\" decoding=\"async\" width=\"600\" height=\"450\" src=\"https:\/\/faacz.com.br\/portal\/wp-content\/uploads\/2026\/03\/foto_20_03_26_07.png\" alt=\"\" class=\"wp-image-39772\" srcset=\"https:\/\/faacz.com.br\/portal\/wp-content\/uploads\/2026\/03\/foto_20_03_26_07.png 600w, https:\/\/faacz.com.br\/portal\/wp-content\/uploads\/2026\/03\/foto_20_03_26_07-24x18.png 24w, https:\/\/faacz.com.br\/portal\/wp-content\/uploads\/2026\/03\/foto_20_03_26_07-36x27.png 36w, https:\/\/faacz.com.br\/portal\/wp-content\/uploads\/2026\/03\/foto_20_03_26_07-48x36.png 48w\" sizes=\"(max-width: 600px) 100vw, 600px\" \/><\/figure>\n\n\n\n<p>A proposta envolveu a participa\u00e7\u00e3o ativa dos estudantes do Ensino M\u00e9dio, que ir\u00e3o assumir diferentes fun\u00e7\u00f5es no j\u00fari simulado, como acusa\u00e7\u00e3o, defesa, jurados e oficiais de justi\u00e7a. A atividade busca estimular compet\u00eancias como orat\u00f3ria, an\u00e1lise cr\u00edtica e estrat\u00e9gia.<\/p>\n\n\n\n<figure class=\"wp-block-image aligncenter size-full\"><img loading=\"lazy\" decoding=\"async\" width=\"600\" height=\"450\" src=\"https:\/\/faacz.com.br\/portal\/wp-content\/uploads\/2026\/03\/foto_20_03_26_08.png\" alt=\"\" class=\"wp-image-39773\" srcset=\"https:\/\/faacz.com.br\/portal\/wp-content\/uploads\/2026\/03\/foto_20_03_26_08.png 600w, https:\/\/faacz.com.br\/portal\/wp-content\/uploads\/2026\/03\/foto_20_03_26_08-24x18.png 24w, https:\/\/faacz.com.br\/portal\/wp-content\/uploads\/2026\/03\/foto_20_03_26_08-36x27.png 36w, https:\/\/faacz.com.br\/portal\/wp-content\/uploads\/2026\/03\/foto_20_03_26_08-48x36.png 48w\" sizes=\"(max-width: 600px) 100vw, 600px\" \/><\/figure>\n\n\n\n<p>Nesse contexto, a iniciativa tamb\u00e9m contribuiu para ampliar a compreens\u00e3o dos alunos sobre os desafios enfrentados por profissionais da \u00e1rea criminal, enriquecendo o repert\u00f3rio acad\u00eamico e fortalecendo a forma\u00e7\u00e3o cidad\u00e3 dos participantes.<\/p>\n\n\n\n<figure class=\"wp-block-image aligncenter size-full\"><img loading=\"lazy\" decoding=\"async\" width=\"600\" height=\"450\" src=\"https:\/\/faacz.com.br\/portal\/wp-content\/uploads\/2026\/03\/foto_20_03_26_09.png\" alt=\"\" class=\"wp-image-39774\" srcset=\"https:\/\/faacz.com.br\/portal\/wp-content\/uploads\/2026\/03\/foto_20_03_26_09.png 600w, https:\/\/faacz.com.br\/portal\/wp-content\/uploads\/2026\/03\/foto_20_03_26_09-24x18.png 24w, https:\/\/faacz.com.br\/portal\/wp-content\/uploads\/2026\/03\/foto_20_03_26_09-36x27.png 36w, https:\/\/faacz.com.br\/portal\/wp-content\/uploads\/2026\/03\/foto_20_03_26_09-48x36.png 48w\" sizes=\"(max-width: 600px) 100vw, 600px\" \/><\/figure>\n\n\n\n<p>Ao final do encontro, integrantes da equipe da Sala de Matr\u00edculas da FAACZ \u2013 Jo\u00e3o Victor Pedroza Martins Santos, gerente comercial, e Malu Brito Sousa, auxiliar de Secretaria Acad\u00eamica \u2013 estiveram presentes para apresentar aos estudantes os cursos de gradua\u00e7\u00e3o ofertados pela institui\u00e7\u00e3o. Na ocasi\u00e3o, tamb\u00e9m foram divulgadas informa\u00e7\u00f5es sobre o <strong><a href=\"http:\/\/www.faacz.com.br\/portal\/vestfaacz\" target=\"_blank\" rel=\"noopener\" title=\"\">Vest FAACZ 2026,<\/a><\/strong> cujas inscri\u00e7\u00f5es seguem abertas at\u00e9 o dia 31 de mar\u00e7o.<\/p>\n\n\n\n<figure class=\"wp-block-image aligncenter size-full\"><img loading=\"lazy\" decoding=\"async\" width=\"600\" height=\"450\" src=\"https:\/\/faacz.com.br\/portal\/wp-content\/uploads\/2026\/03\/foto_20_03_26_10.png\" alt=\"\" class=\"wp-image-39775\" srcset=\"https:\/\/faacz.com.br\/portal\/wp-content\/uploads\/2026\/03\/foto_20_03_26_10.png 600w, https:\/\/faacz.com.br\/portal\/wp-content\/uploads\/2026\/03\/foto_20_03_26_10-24x18.png 24w, https:\/\/faacz.com.br\/portal\/wp-content\/uploads\/2026\/03\/foto_20_03_26_10-36x27.png 36w, https:\/\/faacz.com.br\/portal\/wp-content\/uploads\/2026\/03\/foto_20_03_26_10-48x36.png 48w\" sizes=\"(max-width: 600px) 100vw, 600px\" \/><\/figure>\n\n\n\n<p><em><strong>Texto: Alessandro Bitti<\/strong><\/em><strong><br><\/strong><em>E-mail: comunicacao@fsjb.edu.br<\/em><em><br>alessandro@fsjb.edu.br<\/em><\/p>\n\n\n\n<p>Data da publica\u00e7\u00e3o: 20\/03\/2026<\/p>\n","protected":false},"excerpt":{"rendered":"<p>Alunos da 3\u00aa S\u00e9rie do Ensino M\u00e9dio da Escola Estadual de Ensino Fundamental e M\u00e9dio (EEEFM) \u201cMisael Pinto Netto\u201d, de tempo integral, participaram de um bate-papo com o professor Ronaldo F\u00e9lix, coordenador do curso de Direito das Faculdades Integradas de Aracruz (FAACZ). Os estudantes pertencem a turmas do ensino regular organizadas por \u00e1reas de aprofundamento, como \u201cM\u00eddias e Comunica\u00e7\u00e3o\u201d, \u201cEnergia\u201d, \u201cAdministra\u00e7\u00e3o\u201d e \u201cHumanidades\/Neg\u00f3cios\u201d, conforme o itiner\u00e1rio formativo escolhido. O encontro foi realizado no dia 16 de mar\u00e7o de 2026, no audit\u00f3rio da FAACZ, a partir de convite feito ao docente pela professora de L\u00edngua Portuguesa da escola estadual, Nuciala Mognato Tureta, respons\u00e1vel pelo desenvolvimento de um projeto de J\u00fari Simulado junto aos alunos do Ensino M\u00e9dio. Na ocasi\u00e3o, a diretora acad\u00eamica da FAACZ, professora Adriana Recla Sarcinelli, participou do momento dando as boas-vindas aos estudantes da escola \u201cMisael Pinto Netto\u201d. A atividade tem como objetivo preparar os estudantes para a realiza\u00e7\u00e3o de um j\u00fari na pr\u00f3pria escola, com foco no desenvolvimento de habilidades essenciais como argumenta\u00e7\u00e3o e persuas\u00e3o. Al\u00e9m da professora Nuciala, tamb\u00e9m participaram do momento os docentes da EEEFM \u201cMisael Pinto Netto\u201d: Geziane do Nascimento Oliveira, Saulo Henrique Proscholdt e Shila Krishna de Oliveira Moro. Durante o encontro, os alunos do Ensino M\u00e9dio tiveram a oportunidade de compreender, na pr\u00e1tica, o funcionamento do Tribunal do J\u00fari. A iniciativa apresentou as etapas do julgamento de crimes dolosos contra a vida, contribuindo para a prepara\u00e7\u00e3o dos estudantes da escola Misael para a simula\u00e7\u00e3o que ser\u00e1 realizada no ambiente escolar. Em sua explana\u00e7\u00e3o, o professor Ronaldo F\u00e9lix destacou que, diferentemente de pa\u00edses como os Estados Unidos \u2013 onde o j\u00fari \u00e9 aplicado em diversas \u00e1reas do Direito \u2013, no Brasil essa modalidade de julgamento ocorre apenas em casos espec\u00edficos: \u201cO Tribunal do J\u00fari \u00e9 respons\u00e1vel por julgar crimes dolosos contra a vida, como homic\u00eddio, feminic\u00eddio, infantic\u00eddio, induzimento ao suic\u00eddio e aborto\u201d, explicou. O docente tamb\u00e9m detalhou as fases do processo, que incluem a an\u00e1lise inicial para verifica\u00e7\u00e3o de ind\u00edcios do crime, o sorteio dos jurados, o interrogat\u00f3rio do r\u00e9u, a oitiva de testemunhas e os debates entre acusa\u00e7\u00e3o e defesa. Segundo ele, a argumenta\u00e7\u00e3o tem papel central nesse tipo de julgamento, uma vez que os jurados decidem com base em sua \u00edntima convic\u00e7\u00e3o. A proposta envolveu a participa\u00e7\u00e3o ativa dos estudantes do Ensino M\u00e9dio, que ir\u00e3o assumir diferentes fun\u00e7\u00f5es no j\u00fari simulado, como acusa\u00e7\u00e3o, defesa, jurados e oficiais de justi\u00e7a. A atividade busca estimular compet\u00eancias como orat\u00f3ria, an\u00e1lise cr\u00edtica e estrat\u00e9gia. Nesse contexto, a iniciativa tamb\u00e9m contribuiu para ampliar a compreens\u00e3o dos alunos sobre os desafios enfrentados por profissionais da \u00e1rea criminal, enriquecendo o repert\u00f3rio acad\u00eamico e fortalecendo a forma\u00e7\u00e3o cidad\u00e3 dos participantes. Ao final do encontro, integrantes da equipe da Sala de Matr\u00edculas da FAACZ \u2013 Jo\u00e3o Victor Pedroza Martins Santos, gerente comercial, e Malu Brito Sousa, auxiliar de Secretaria Acad\u00eamica \u2013 estiveram presentes para apresentar aos estudantes os cursos de gradua\u00e7\u00e3o ofertados pela institui\u00e7\u00e3o. Na ocasi\u00e3o, tamb\u00e9m foram divulgadas informa\u00e7\u00f5es sobre o Vest FAACZ 2026, cujas inscri\u00e7\u00f5es seguem abertas at\u00e9 o dia 31 de mar\u00e7o. Texto: Alessandro BittiE-mail: comunicacao@fsjb.edu.bralessandro@fsjb.edu.br Data da publica\u00e7\u00e3o: 20\/03\/2026<\/p>\n","protected":false},"author":2,"featured_media":39766,"comment_status":"closed","ping_status":"closed","sticky":false,"template":"","format":"standard","meta":{"om_disable_all_campaigns":false,"_exactmetrics_skip_tracking":false,"_exactmetrics_sitenote_active":false,"_exactmetrics_sitenote_note":"","_exactmetrics_sitenote_category":0,"_monsterinsights_skip_tracking":false,"_monsterinsights_sitenote_active":false,"_monsterinsights_sitenote_note":"","_monsterinsights_sitenote_category":0,"footnotes":""},"categories":[28],"tags":[],"class_list":["post-39765","post","type-post","status-publish","format-standard","has-post-thumbnail","hentry","category-direito"],"aioseo_notices":[],"_links":{"self":[{"href":"https:\/\/faacz.com.br\/portal\/wp-json\/wp\/v2\/posts\/39765"}],"collection":[{"href":"https:\/\/faacz.com.br\/portal\/wp-json\/wp\/v2\/posts"}],"about":[{"href":"https:\/\/faacz.com.br\/portal\/wp-json\/wp\/v2\/types\/post"}],"author":[{"embeddable":true,"href":"https:\/\/faacz.com.br\/portal\/wp-json\/wp\/v2\/users\/2"}],"replies":[{"embeddable":true,"href":"https:\/\/faacz.com.br\/portal\/wp-json\/wp\/v2\/comments?post=39765"}],"version-history":[{"count":2,"href":"https:\/\/faacz.com.br\/portal\/wp-json\/wp\/v2\/posts\/39765\/revisions"}],"predecessor-version":[{"id":39777,"href":"https:\/\/faacz.com.br\/portal\/wp-json\/wp\/v2\/posts\/39765\/revisions\/39777"}],"wp:featuredmedia":[{"embeddable":true,"href":"https:\/\/faacz.com.br\/portal\/wp-json\/wp\/v2\/media\/39766"}],"wp:attachment":[{"href":"https:\/\/faacz.com.br\/portal\/wp-json\/wp\/v2\/media?parent=39765"}],"wp:term":[{"taxonomy":"category","embeddable":true,"href":"https:\/\/faacz.com.br\/portal\/wp-json\/wp\/v2\/categories?post=39765"},{"taxonomy":"post_tag","embeddable":true,"href":"https:\/\/faacz.com.br\/portal\/wp-json\/wp\/v2\/tags?post=39765"}],"curies":[{"name":"wp","href":"https:\/\/api.w.org\/{rel}","templated":true}]}}