{"id":39743,"date":"2026-03-19T14:51:07","date_gmt":"2026-03-19T17:51:07","guid":{"rendered":"https:\/\/faacz.com.br\/portal\/?p=39743"},"modified":"2026-03-19T14:54:11","modified_gmt":"2026-03-19T17:54:11","slug":"coordenador-do-curso-de-direito-da-faacz-participa-de-solenidade-de-entrega-de-carteiras-da-oab-em-aracruz","status":"publish","type":"post","link":"https:\/\/faacz.com.br\/portal\/coordenador-do-curso-de-direito-da-faacz-participa-de-solenidade-de-entrega-de-carteiras-da-oab-em-aracruz\/","title":{"rendered":"Coordenador do curso de Direito da FAACZ participa de solenidade de entrega de carteiras da OAB em Aracruz"},"content":{"rendered":"\n<figure class=\"wp-block-image aligncenter size-full\"><img fetchpriority=\"high\" decoding=\"async\" width=\"600\" height=\"450\" src=\"https:\/\/faacz.com.br\/portal\/wp-content\/uploads\/2026\/03\/foto_19_03_26_01.png\" alt=\"\" class=\"wp-image-39744\" srcset=\"https:\/\/faacz.com.br\/portal\/wp-content\/uploads\/2026\/03\/foto_19_03_26_01.png 600w, https:\/\/faacz.com.br\/portal\/wp-content\/uploads\/2026\/03\/foto_19_03_26_01-24x18.png 24w, https:\/\/faacz.com.br\/portal\/wp-content\/uploads\/2026\/03\/foto_19_03_26_01-36x27.png 36w, https:\/\/faacz.com.br\/portal\/wp-content\/uploads\/2026\/03\/foto_19_03_26_01-48x36.png 48w\" sizes=\"(max-width: 600px) 100vw, 600px\" \/><figcaption class=\"wp-element-caption\">Coordenador do curso de Direito da FAACZ, Dr. Ronaldo F\u00e9lix participa de entrega de carteiras na OAB\/ES em Aracruz. Fotos: 13\u00aa Subse\u00e7\u00e3o da OAB Aracruz.<\/figcaption><\/figure>\n\n\n\n<p>Em um momento de grande significado para a advocacia capixaba, o coordenador do <strong><a href=\"https:\/\/faacz.com.br\/portal\/graduacao\/direito\/\" target=\"_blank\" rel=\"noopener\" title=\"\">curso de Direito<\/a> <\/strong>das <a href=\"http:\/\/www.faacz.com.br\/portal\/\" target=\"_blank\" rel=\"noopener\" title=\"\"><strong>Faculdades Integradas de Aracruz (FAACZ),<\/strong> <\/a>professor Dr. Ronaldo F\u00e9lix, participou da cerim\u00f4nia de entrega de carteiras profissionais para novos advogados, realizada na quinta-feira, 12 de mar\u00e7o de 2026, na sede da <a href=\"https:\/\/oabes.org.br\/subsecoes\/aracruz\/\" target=\"_blank\" rel=\"noopener\" title=\"\"><strong>13\u00aa Subse\u00e7\u00e3o da Ordem dos Advogados do Brasil (OAB\/ES),<\/strong> <strong>em Aracruz (ES).<\/strong><\/a> O evento foi presidido pelo Dr. Wilen Barros, presidente da subse\u00e7\u00e3o, e reuniu autoridades, familiares e egressos da FAACZ.<\/p>\n\n\n\n<figure class=\"wp-block-image aligncenter size-full\"><img decoding=\"async\" width=\"600\" height=\"450\" src=\"https:\/\/faacz.com.br\/portal\/wp-content\/uploads\/2026\/03\/foto_19_03_26_02.png\" alt=\"\" class=\"wp-image-39745\" srcset=\"https:\/\/faacz.com.br\/portal\/wp-content\/uploads\/2026\/03\/foto_19_03_26_02.png 600w, https:\/\/faacz.com.br\/portal\/wp-content\/uploads\/2026\/03\/foto_19_03_26_02-24x18.png 24w, https:\/\/faacz.com.br\/portal\/wp-content\/uploads\/2026\/03\/foto_19_03_26_02-36x27.png 36w, https:\/\/faacz.com.br\/portal\/wp-content\/uploads\/2026\/03\/foto_19_03_26_02-48x36.png 48w\" sizes=\"(max-width: 600px) 100vw, 600px\" \/><figcaption class=\"wp-element-caption\">Momento da entrega da carteira da OAB \u00e0 advogada Diulya \u00c9vilyn Jeronymo Santos pelo presidente da Subse\u00e7\u00e3o, Dr. Wilen Barros, em Aracruz.<\/figcaption><\/figure>\n\n\n\n<p>A solenidade marcou a habilita\u00e7\u00e3o oficial dos novos profissionais para o exerc\u00edcio da advocacia, simbolizando uma importante etapa na trajet\u00f3ria dos bachar\u00e9is em Direito. Entre os novos advogados estavam os egressos da FAACZ: Matheus Natale Fernandes dos Santos, Laila da Vit\u00f3ria Pereira, Izamara Martins de Souza, Talia de Az\u00earedo Freitas, Diulya \u00c9vilyn Jeronymo Santos e Otavio Rizzo Lopes, formados em 2025 e que colaram grau em 2026.<\/p>\n\n\n\n<figure class=\"wp-block-image aligncenter size-full\"><img decoding=\"async\" width=\"600\" height=\"450\" src=\"https:\/\/faacz.com.br\/portal\/wp-content\/uploads\/2026\/03\/foto_19_03_26_03.png\" alt=\"\" class=\"wp-image-39746\" srcset=\"https:\/\/faacz.com.br\/portal\/wp-content\/uploads\/2026\/03\/foto_19_03_26_03.png 600w, https:\/\/faacz.com.br\/portal\/wp-content\/uploads\/2026\/03\/foto_19_03_26_03-24x18.png 24w, https:\/\/faacz.com.br\/portal\/wp-content\/uploads\/2026\/03\/foto_19_03_26_03-36x27.png 36w, https:\/\/faacz.com.br\/portal\/wp-content\/uploads\/2026\/03\/foto_19_03_26_03-48x36.png 48w\" sizes=\"(max-width: 600px) 100vw, 600px\" \/><figcaption class=\"wp-element-caption\">A nova advogada Talia de Az\u00earedo Freitas recebe a carteira da OAB das m\u00e3os do presidente, Dr. Wilen Barros, em Aracruz.<\/figcaption><\/figure>\n\n\n\n<p>Para o professor Ronaldo F\u00e9lix, a participa\u00e7\u00e3o na cerim\u00f4nia ganha um significado especial ao reencontrar ex-alunos em um momento t\u00e3o emblem\u00e1tico: <em>\u201c\u00c9 uma alegria imensa e um privil\u00e9gio poder testemunhar e participar de um momento t\u00e3o importante na vida desses novos colegas. Ver rostos conhecidos, que um dia foram nossos alunos na FAACZ, recebendo suas carteiras profissionais, \u00e9 a prova do esfor\u00e7o e da dedica\u00e7\u00e3o de cada um\u201d,<\/em> destacou o docente.<\/p>\n\n\n\n<figure class=\"wp-block-image aligncenter size-full\"><img loading=\"lazy\" decoding=\"async\" width=\"600\" height=\"450\" src=\"https:\/\/faacz.com.br\/portal\/wp-content\/uploads\/2026\/03\/foto_19_03_26_04.png\" alt=\"\" class=\"wp-image-39747\" srcset=\"https:\/\/faacz.com.br\/portal\/wp-content\/uploads\/2026\/03\/foto_19_03_26_04.png 600w, https:\/\/faacz.com.br\/portal\/wp-content\/uploads\/2026\/03\/foto_19_03_26_04-24x18.png 24w, https:\/\/faacz.com.br\/portal\/wp-content\/uploads\/2026\/03\/foto_19_03_26_04-36x27.png 36w, https:\/\/faacz.com.br\/portal\/wp-content\/uploads\/2026\/03\/foto_19_03_26_04-48x36.png 48w\" sizes=\"(max-width: 600px) 100vw, 600px\" \/><figcaption class=\"wp-element-caption\">Izamara Martins de Souza recebe carteira profissional da OAB em solenidade na 13\u00aa Subse\u00e7\u00e3o de Aracruz (ES).<\/figcaption><\/figure>\n\n\n\n<p>A presen\u00e7a do coordenador refor\u00e7a o compromisso da FAACZ com a forma\u00e7\u00e3o de excel\u00eancia e o acompanhamento de seus egressos, evidenciando o impacto da forma\u00e7\u00e3o acad\u00eamica na constru\u00e7\u00e3o de uma advocacia comprometida com a equidade e a justi\u00e7a, ao coroar a dedica\u00e7\u00e3o dos novos profissionais e destacar a relev\u00e2ncia da institui\u00e7\u00e3o nesse processo.<\/p>\n\n\n\n<p><strong>Egressos celebram conquista da carteira da OAB<\/strong><\/p>\n\n\n\n<figure class=\"wp-block-image aligncenter size-full\"><img loading=\"lazy\" decoding=\"async\" width=\"600\" height=\"450\" src=\"https:\/\/faacz.com.br\/portal\/wp-content\/uploads\/2026\/03\/foto_19_03_26_05.png\" alt=\"\" class=\"wp-image-39748\" srcset=\"https:\/\/faacz.com.br\/portal\/wp-content\/uploads\/2026\/03\/foto_19_03_26_05.png 600w, https:\/\/faacz.com.br\/portal\/wp-content\/uploads\/2026\/03\/foto_19_03_26_05-24x18.png 24w, https:\/\/faacz.com.br\/portal\/wp-content\/uploads\/2026\/03\/foto_19_03_26_05-36x27.png 36w, https:\/\/faacz.com.br\/portal\/wp-content\/uploads\/2026\/03\/foto_19_03_26_05-48x36.png 48w\" sizes=\"(max-width: 600px) 100vw, 600px\" \/><figcaption class=\"wp-element-caption\">Otavio Rizzo Lopes recebe a carteira da OAB das m\u00e3os do presidente Dr. Wilen Barros, em solenidade na Subse\u00e7\u00e3o de Aracruz.<\/figcaption><\/figure>\n\n\n\n<p>A emo\u00e7\u00e3o marcou a conquista dos egressos da FAACZ durante a solenidade. Em publica\u00e7\u00f5es feitas em seus perfis oficiais e tamb\u00e9m nas redes sociais da OAB Aracruz, os novos advogados compartilharam mensagens de gratid\u00e3o, supera\u00e7\u00e3o e compromisso com a profiss\u00e3o. Para eles, receber a carteira da OAB representou n\u00e3o apenas o reconhecimento de uma trajet\u00f3ria acad\u00eamica dedicada, mas tamb\u00e9m o in\u00edcio de uma caminhada profissional pautada pela \u00e9tica e pela defesa dos direitos da sociedade.<\/p>\n\n\n\n<figure class=\"wp-block-image aligncenter size-full\"><img loading=\"lazy\" decoding=\"async\" width=\"600\" height=\"450\" src=\"https:\/\/faacz.com.br\/portal\/wp-content\/uploads\/2026\/03\/foto_19_03_26_06.png\" alt=\"\" class=\"wp-image-39749\" srcset=\"https:\/\/faacz.com.br\/portal\/wp-content\/uploads\/2026\/03\/foto_19_03_26_06.png 600w, https:\/\/faacz.com.br\/portal\/wp-content\/uploads\/2026\/03\/foto_19_03_26_06-24x18.png 24w, https:\/\/faacz.com.br\/portal\/wp-content\/uploads\/2026\/03\/foto_19_03_26_06-36x27.png 36w, https:\/\/faacz.com.br\/portal\/wp-content\/uploads\/2026\/03\/foto_19_03_26_06-48x36.png 48w\" sizes=\"(max-width: 600px) 100vw, 600px\" \/><figcaption class=\"wp-element-caption\">Solenidade na OAB Aracruz: Matheus Natale Fernandes dos Santos recebe a carteira profissional do presidente Dr. Wilen Barros.<\/figcaption><\/figure>\n\n\n\n<p>Para Talia de Az\u00earedo Freitas, o momento representa a realiza\u00e7\u00e3o de um sonho constru\u00eddo com dedica\u00e7\u00e3o: <em>\u201cHoje recebi a t\u00e3o sonhada e aguardada Carteira de Advogada e, com ela, um misto de sentimentos\u2026 emo\u00e7\u00e3o, felicidade, alegria, esperan\u00e7a e diversos outros que nem sou capaz de explicar\u201d,<\/em> afirmou. Ela tamb\u00e9m destacou o compromisso com a profiss\u00e3o: <em>\u201cHoje recebo o t\u00edtulo de advogada e a miss\u00e3o de exercer a profiss\u00e3o com \u00e9tica, dedica\u00e7\u00e3o e humanidade\u201d.<\/em><\/p>\n\n\n\n<figure class=\"wp-block-image aligncenter size-full\"><img loading=\"lazy\" decoding=\"async\" width=\"600\" height=\"450\" src=\"https:\/\/faacz.com.br\/portal\/wp-content\/uploads\/2026\/03\/foto_19_03_26_07.png\" alt=\"\" class=\"wp-image-39750\" srcset=\"https:\/\/faacz.com.br\/portal\/wp-content\/uploads\/2026\/03\/foto_19_03_26_07.png 600w, https:\/\/faacz.com.br\/portal\/wp-content\/uploads\/2026\/03\/foto_19_03_26_07-24x18.png 24w, https:\/\/faacz.com.br\/portal\/wp-content\/uploads\/2026\/03\/foto_19_03_26_07-36x27.png 36w, https:\/\/faacz.com.br\/portal\/wp-content\/uploads\/2026\/03\/foto_19_03_26_07-48x36.png 48w\" sizes=\"(max-width: 600px) 100vw, 600px\" \/><figcaption class=\"wp-element-caption\">A nova advogada Laila da Vit\u00f3ria Pereira recebe sua carteira profissional durante solenidade na 13\u00aa Subse\u00e7\u00e3o da OAB\/ES, em Aracruz.<\/figcaption><\/figure>\n\n\n\n<p>Diulya \u00c9vilyn Jeronymo Santos ressaltou a trajet\u00f3ria de esfor\u00e7o at\u00e9 a conquista: <em>\u201cHoje recebo oficialmente minha carteira da Ordem dos Advogados do Brasil; com ela, a confirma\u00e7\u00e3o de um sonho que foi constru\u00eddo com muito estudo, ren\u00fancias, f\u00e9 e perseveran\u00e7a\u201d,<\/em> declarou. Ao falar sobre o papel social da advocacia, acrescentou: <em>\u201cSer advogada vai muito al\u00e9m de uma profiss\u00e3o. \u00c9 assumir o compromisso de lutar por direitos, buscar justi\u00e7a e honrar a confian\u00e7a de quem precisa da nossa voz\u201d.<\/em><\/p>\n\n\n\n<figure class=\"wp-block-image aligncenter size-full\"><img loading=\"lazy\" decoding=\"async\" width=\"600\" height=\"450\" src=\"https:\/\/faacz.com.br\/portal\/wp-content\/uploads\/2026\/03\/foto_19_03_26_08.png\" alt=\"\" class=\"wp-image-39751\" srcset=\"https:\/\/faacz.com.br\/portal\/wp-content\/uploads\/2026\/03\/foto_19_03_26_08.png 600w, https:\/\/faacz.com.br\/portal\/wp-content\/uploads\/2026\/03\/foto_19_03_26_08-24x18.png 24w, https:\/\/faacz.com.br\/portal\/wp-content\/uploads\/2026\/03\/foto_19_03_26_08-36x27.png 36w, https:\/\/faacz.com.br\/portal\/wp-content\/uploads\/2026\/03\/foto_19_03_26_08-48x36.png 48w\" sizes=\"(max-width: 600px) 100vw, 600px\" \/><figcaption class=\"wp-element-caption\">&#8220;\u00c9 uma alegria imensa testemunhar este momento&#8221;, destaca o professor Dr. Ronaldo F\u00e9lix, durante reencontro com ex-alunos na entrega de carteiras da OAB em Aracruz.<\/figcaption><\/figure>\n\n\n\n<p>J\u00e1 Otavio Rizzo Lopes destacou o encerramento de um ciclo e o in\u00edcio de uma nova etapa profissional: <em>\u201cHoje recebo minha carteira da OAB, em um momento que marca o in\u00edcio de uma jornada [\u2026] que encerra um per\u00edodo de bastante esfor\u00e7o que se transformou nessa grande conquista\u201d, <\/em>relatou. Ele tamb\u00e9m evidenciou o orgulho de integrar a profiss\u00e3o: <em>\u201cQue orgulho poder entrar para esse grupo de profissionais com tamanha responsabilidade no nosso pa\u00eds\u201d.<\/em><\/p>\n\n\n\n<figure class=\"wp-block-image aligncenter size-full\"><img loading=\"lazy\" decoding=\"async\" width=\"600\" height=\"450\" src=\"https:\/\/faacz.com.br\/portal\/wp-content\/uploads\/2026\/03\/foto_19_03_26_09.png\" alt=\"\" class=\"wp-image-39752\" srcset=\"https:\/\/faacz.com.br\/portal\/wp-content\/uploads\/2026\/03\/foto_19_03_26_09.png 600w, https:\/\/faacz.com.br\/portal\/wp-content\/uploads\/2026\/03\/foto_19_03_26_09-24x18.png 24w, https:\/\/faacz.com.br\/portal\/wp-content\/uploads\/2026\/03\/foto_19_03_26_09-36x27.png 36w, https:\/\/faacz.com.br\/portal\/wp-content\/uploads\/2026\/03\/foto_19_03_26_09-48x36.png 48w\" sizes=\"(max-width: 600px) 100vw, 600px\" \/><figcaption class=\"wp-element-caption\">Diulya \u00c9vilyn Jeronymo Santos representa os novos advogados em discurso durante a solenidade de entrega de carteiras na OAB Aracruz.<\/figcaption><\/figure>\n\n\n\n<p>Os depoimentos refletem n\u00e3o apenas a realiza\u00e7\u00e3o pessoal dos novos advogados, mas tamb\u00e9m o papel da forma\u00e7\u00e3o acad\u00eamica na constru\u00e7\u00e3o de profissionais comprometidos com a \u00e9tica, a justi\u00e7a e a responsabilidade social. A cerim\u00f4nia tamb\u00e9m evidenciou o impacto da forma\u00e7\u00e3o acad\u00eamica na constru\u00e7\u00e3o de uma advocacia comprometida com a equidade e a justi\u00e7a, coroando a dedica\u00e7\u00e3o dos novos profissionais e destacando a relev\u00e2ncia da FAACZ nesse processo.<\/p>\n\n\n\n<figure class=\"wp-block-image aligncenter size-full\"><img loading=\"lazy\" decoding=\"async\" width=\"600\" height=\"450\" src=\"https:\/\/faacz.com.br\/portal\/wp-content\/uploads\/2026\/03\/foto_19_03_26_10.png\" alt=\"\" class=\"wp-image-39753\" srcset=\"https:\/\/faacz.com.br\/portal\/wp-content\/uploads\/2026\/03\/foto_19_03_26_10.png 600w, https:\/\/faacz.com.br\/portal\/wp-content\/uploads\/2026\/03\/foto_19_03_26_10-24x18.png 24w, https:\/\/faacz.com.br\/portal\/wp-content\/uploads\/2026\/03\/foto_19_03_26_10-36x27.png 36w, https:\/\/faacz.com.br\/portal\/wp-content\/uploads\/2026\/03\/foto_19_03_26_10-48x36.png 48w\" sizes=\"(max-width: 600px) 100vw, 600px\" \/><figcaption class=\"wp-element-caption\">Dr. Wilen Barros, presidente da OAB Aracruz, conduz a cerim\u00f4nia de entrega de carteiras profissionais aos novos advogados.<\/figcaption><\/figure>\n\n\n\n<p><em><strong>Texto: Alessandro Bitti<\/strong><\/em><strong><br><\/strong><em>E-mail: comunicacao@fsjb.edu.br<\/em><em><br>alessandro@fsjb.edu.br<\/em><\/p>\n\n\n\n<p>Data da publica\u00e7\u00e3o: 19\/03\/2026<\/p>\n","protected":false},"excerpt":{"rendered":"<p>Em um momento de grande significado para a advocacia capixaba, o coordenador do curso de Direito das Faculdades Integradas de Aracruz (FAACZ), professor Dr. Ronaldo F\u00e9lix, participou da cerim\u00f4nia de entrega de carteiras profissionais para novos advogados, realizada na quinta-feira, 12 de mar\u00e7o de 2026, na sede da 13\u00aa Subse\u00e7\u00e3o da Ordem dos Advogados do Brasil (OAB\/ES), em Aracruz (ES). O evento foi presidido pelo Dr. Wilen Barros, presidente da subse\u00e7\u00e3o, e reuniu autoridades, familiares e egressos da FAACZ. A solenidade marcou a habilita\u00e7\u00e3o oficial dos novos profissionais para o exerc\u00edcio da advocacia, simbolizando uma importante etapa na trajet\u00f3ria dos bachar\u00e9is em Direito. Entre os novos advogados estavam os egressos da FAACZ: Matheus Natale Fernandes dos Santos, Laila da Vit\u00f3ria Pereira, Izamara Martins de Souza, Talia de Az\u00earedo Freitas, Diulya \u00c9vilyn Jeronymo Santos e Otavio Rizzo Lopes, formados em 2025 e que colaram grau em 2026. Para o professor Ronaldo F\u00e9lix, a participa\u00e7\u00e3o na cerim\u00f4nia ganha um significado especial ao reencontrar ex-alunos em um momento t\u00e3o emblem\u00e1tico: \u201c\u00c9 uma alegria imensa e um privil\u00e9gio poder testemunhar e participar de um momento t\u00e3o importante na vida desses novos colegas. Ver rostos conhecidos, que um dia foram nossos alunos na FAACZ, recebendo suas carteiras profissionais, \u00e9 a prova do esfor\u00e7o e da dedica\u00e7\u00e3o de cada um\u201d, destacou o docente. A presen\u00e7a do coordenador refor\u00e7a o compromisso da FAACZ com a forma\u00e7\u00e3o de excel\u00eancia e o acompanhamento de seus egressos, evidenciando o impacto da forma\u00e7\u00e3o acad\u00eamica na constru\u00e7\u00e3o de uma advocacia comprometida com a equidade e a justi\u00e7a, ao coroar a dedica\u00e7\u00e3o dos novos profissionais e destacar a relev\u00e2ncia da institui\u00e7\u00e3o nesse processo. Egressos celebram conquista da carteira da OAB A emo\u00e7\u00e3o marcou a conquista dos egressos da FAACZ durante a solenidade. Em publica\u00e7\u00f5es feitas em seus perfis oficiais e tamb\u00e9m nas redes sociais da OAB Aracruz, os novos advogados compartilharam mensagens de gratid\u00e3o, supera\u00e7\u00e3o e compromisso com a profiss\u00e3o. Para eles, receber a carteira da OAB representou n\u00e3o apenas o reconhecimento de uma trajet\u00f3ria acad\u00eamica dedicada, mas tamb\u00e9m o in\u00edcio de uma caminhada profissional pautada pela \u00e9tica e pela defesa dos direitos da sociedade. Para Talia de Az\u00earedo Freitas, o momento representa a realiza\u00e7\u00e3o de um sonho constru\u00eddo com dedica\u00e7\u00e3o: \u201cHoje recebi a t\u00e3o sonhada e aguardada Carteira de Advogada e, com ela, um misto de sentimentos\u2026 emo\u00e7\u00e3o, felicidade, alegria, esperan\u00e7a e diversos outros que nem sou capaz de explicar\u201d, afirmou. Ela tamb\u00e9m destacou o compromisso com a profiss\u00e3o: \u201cHoje recebo o t\u00edtulo de advogada e a miss\u00e3o de exercer a profiss\u00e3o com \u00e9tica, dedica\u00e7\u00e3o e humanidade\u201d. Diulya \u00c9vilyn Jeronymo Santos ressaltou a trajet\u00f3ria de esfor\u00e7o at\u00e9 a conquista: \u201cHoje recebo oficialmente minha carteira da Ordem dos Advogados do Brasil; com ela, a confirma\u00e7\u00e3o de um sonho que foi constru\u00eddo com muito estudo, ren\u00fancias, f\u00e9 e perseveran\u00e7a\u201d, declarou. Ao falar sobre o papel social da advocacia, acrescentou: \u201cSer advogada vai muito al\u00e9m de uma profiss\u00e3o. \u00c9 assumir o compromisso de lutar por direitos, buscar justi\u00e7a e honrar a confian\u00e7a de quem precisa da nossa voz\u201d. J\u00e1 Otavio Rizzo Lopes destacou o encerramento de um ciclo e o in\u00edcio de uma nova etapa profissional: \u201cHoje recebo minha carteira da OAB, em um momento que marca o in\u00edcio de uma jornada [\u2026] que encerra um per\u00edodo de bastante esfor\u00e7o que se transformou nessa grande conquista\u201d, relatou. Ele tamb\u00e9m evidenciou o orgulho de integrar a profiss\u00e3o: \u201cQue orgulho poder entrar para esse grupo de profissionais com tamanha responsabilidade no nosso pa\u00eds\u201d. Os depoimentos refletem n\u00e3o apenas a realiza\u00e7\u00e3o pessoal dos novos advogados, mas tamb\u00e9m o papel da forma\u00e7\u00e3o acad\u00eamica na constru\u00e7\u00e3o de profissionais comprometidos com a \u00e9tica, a justi\u00e7a e a responsabilidade social. A cerim\u00f4nia tamb\u00e9m evidenciou o impacto da forma\u00e7\u00e3o acad\u00eamica na constru\u00e7\u00e3o de uma advocacia comprometida com a equidade e a justi\u00e7a, coroando a dedica\u00e7\u00e3o dos novos profissionais e destacando a relev\u00e2ncia da FAACZ nesse processo. Texto: Alessandro BittiE-mail: comunicacao@fsjb.edu.bralessandro@fsjb.edu.br Data da publica\u00e7\u00e3o: 19\/03\/2026<\/p>\n","protected":false},"author":2,"featured_media":39744,"comment_status":"closed","ping_status":"closed","sticky":false,"template":"","format":"standard","meta":{"om_disable_all_campaigns":false,"_exactmetrics_skip_tracking":false,"_exactmetrics_sitenote_active":false,"_exactmetrics_sitenote_note":"","_exactmetrics_sitenote_category":0,"_monsterinsights_skip_tracking":false,"_monsterinsights_sitenote_active":false,"_monsterinsights_sitenote_note":"","_monsterinsights_sitenote_category":0,"footnotes":""},"categories":[28],"tags":[],"class_list":["post-39743","post","type-post","status-publish","format-standard","has-post-thumbnail","hentry","category-direito"],"aioseo_notices":[],"_links":{"self":[{"href":"https:\/\/faacz.com.br\/portal\/wp-json\/wp\/v2\/posts\/39743"}],"collection":[{"href":"https:\/\/faacz.com.br\/portal\/wp-json\/wp\/v2\/posts"}],"about":[{"href":"https:\/\/faacz.com.br\/portal\/wp-json\/wp\/v2\/types\/post"}],"author":[{"embeddable":true,"href":"https:\/\/faacz.com.br\/portal\/wp-json\/wp\/v2\/users\/2"}],"replies":[{"embeddable":true,"href":"https:\/\/faacz.com.br\/portal\/wp-json\/wp\/v2\/comments?post=39743"}],"version-history":[{"count":3,"href":"https:\/\/faacz.com.br\/portal\/wp-json\/wp\/v2\/posts\/39743\/revisions"}],"predecessor-version":[{"id":39756,"href":"https:\/\/faacz.com.br\/portal\/wp-json\/wp\/v2\/posts\/39743\/revisions\/39756"}],"wp:featuredmedia":[{"embeddable":true,"href":"https:\/\/faacz.com.br\/portal\/wp-json\/wp\/v2\/media\/39744"}],"wp:attachment":[{"href":"https:\/\/faacz.com.br\/portal\/wp-json\/wp\/v2\/media?parent=39743"}],"wp:term":[{"taxonomy":"category","embeddable":true,"href":"https:\/\/faacz.com.br\/portal\/wp-json\/wp\/v2\/categories?post=39743"},{"taxonomy":"post_tag","embeddable":true,"href":"https:\/\/faacz.com.br\/portal\/wp-json\/wp\/v2\/tags?post=39743"}],"curies":[{"name":"wp","href":"https:\/\/api.w.org\/{rel}","templated":true}]}}