{"id":39735,"date":"2026-03-18T15:19:55","date_gmt":"2026-03-18T18:19:55","guid":{"rendered":"https:\/\/faacz.com.br\/portal\/?p=39735"},"modified":"2026-03-18T15:19:56","modified_gmt":"2026-03-18T18:19:56","slug":"extensao-interdisciplinar-promove-debate-entre-alunos-de-direito-e-engenharia-mecanica-na-faacz","status":"publish","type":"post","link":"https:\/\/faacz.com.br\/portal\/extensao-interdisciplinar-promove-debate-entre-alunos-de-direito-e-engenharia-mecanica-na-faacz\/","title":{"rendered":"Extens\u00e3o Interdisciplinar promove debate entre alunos de Direito e Engenharia Mec\u00e2nica na FAACZ"},"content":{"rendered":"\n<figure class=\"wp-block-image aligncenter size-full\"><img fetchpriority=\"high\" decoding=\"async\" width=\"600\" height=\"450\" src=\"https:\/\/faacz.com.br\/portal\/wp-content\/uploads\/2026\/03\/foto_18_03_26_01.png\" alt=\"\" class=\"wp-image-39736\" srcset=\"https:\/\/faacz.com.br\/portal\/wp-content\/uploads\/2026\/03\/foto_18_03_26_01.png 600w, https:\/\/faacz.com.br\/portal\/wp-content\/uploads\/2026\/03\/foto_18_03_26_01-24x18.png 24w, https:\/\/faacz.com.br\/portal\/wp-content\/uploads\/2026\/03\/foto_18_03_26_01-36x27.png 36w, https:\/\/faacz.com.br\/portal\/wp-content\/uploads\/2026\/03\/foto_18_03_26_01-48x36.png 48w\" sizes=\"(max-width: 600px) 100vw, 600px\" \/><figcaption class=\"wp-element-caption\">Fotos: Divulga\u00e7\u00e3o.<\/figcaption><\/figure>\n\n\n\n<p>Uma atividade realizada no dia 5 de mar\u00e7o de 2026, no audit\u00f3rio da <strong><a href=\"http:\/\/www.faacz.com.br\/portal\/\" target=\"_blank\" rel=\"noopener\" title=\"\">FAACZ (Faculdades Integradas de Aracruz),<\/a><\/strong> reuniu mais de 80 estudantes do 1\u00ba per\u00edodo dos cursos de <strong><a href=\"https:\/\/faacz.com.br\/portal\/graduacao\/direito\/\" target=\"_blank\" rel=\"noopener\" title=\"\">Direito<\/a><\/strong> e <strong><a href=\"https:\/\/faacz.com.br\/portal\/graduacao\/engenharia-mecanica\/\" target=\"_blank\" rel=\"noopener\" title=\"\">Engenharia Mec\u00e2nica<\/a><\/strong> em um plen\u00e1rio voltado \u00e0 reflex\u00e3o sobre o papel da universidade e sua rela\u00e7\u00e3o com a sociedade. A a\u00e7\u00e3o integrou a disciplina de \u201cExtens\u00e3o Interdisciplinar\u201d, ministrada pelo professor Arismar Man\u00e9ia, contemplando o eixo \u201cCultura, Linguagem e Patrim\u00f4nio\u201d.<\/p>\n\n\n\n<figure class=\"wp-block-image aligncenter size-full\"><img decoding=\"async\" width=\"600\" height=\"450\" src=\"https:\/\/faacz.com.br\/portal\/wp-content\/uploads\/2026\/03\/foto_18_03_26_02.png\" alt=\"\" class=\"wp-image-39737\" srcset=\"https:\/\/faacz.com.br\/portal\/wp-content\/uploads\/2026\/03\/foto_18_03_26_02.png 600w, https:\/\/faacz.com.br\/portal\/wp-content\/uploads\/2026\/03\/foto_18_03_26_02-24x18.png 24w, https:\/\/faacz.com.br\/portal\/wp-content\/uploads\/2026\/03\/foto_18_03_26_02-36x27.png 36w, https:\/\/faacz.com.br\/portal\/wp-content\/uploads\/2026\/03\/foto_18_03_26_02-48x36.png 48w\" sizes=\"(max-width: 600px) 100vw, 600px\" \/><\/figure>\n\n\n\n<p>Durante a atividade, os universit\u00e1rios envolveram-se na apresenta\u00e7\u00e3o de trabalhos em grupo com tem\u00e1ticas voltadas ao desenvolvimento de a\u00e7\u00f5es sociais inclusivas, abordando aspectos relacionados \u00e0 cultura e ao patrim\u00f4nio social. O plen\u00e1rio proporcionou um espa\u00e7o de di\u00e1logo marcado por diferentes posicionamentos e reflex\u00f5es sobre os desafios enfrentados pela sociedade contempor\u00e2nea.<\/p>\n\n\n\n<figure class=\"wp-block-image aligncenter size-full\"><img decoding=\"async\" width=\"600\" height=\"450\" src=\"https:\/\/faacz.com.br\/portal\/wp-content\/uploads\/2026\/03\/foto_18_03_26_03.png\" alt=\"\" class=\"wp-image-39738\" srcset=\"https:\/\/faacz.com.br\/portal\/wp-content\/uploads\/2026\/03\/foto_18_03_26_03.png 600w, https:\/\/faacz.com.br\/portal\/wp-content\/uploads\/2026\/03\/foto_18_03_26_03-24x18.png 24w, https:\/\/faacz.com.br\/portal\/wp-content\/uploads\/2026\/03\/foto_18_03_26_03-36x27.png 36w, https:\/\/faacz.com.br\/portal\/wp-content\/uploads\/2026\/03\/foto_18_03_26_03-48x36.png 48w\" sizes=\"(max-width: 600px) 100vw, 600px\" \/><\/figure>\n\n\n\n<p>Os estudantes do curso de Direito destacaram-se pela fundamenta\u00e7\u00e3o cr\u00edtica, com abordagem voltada \u00e0 import\u00e2ncia da implementa\u00e7\u00e3o de projetos de extens\u00e3o social. J\u00e1 os alunos de Engenharia Mec\u00e2nica ressaltaram a necessidade do engajamento coletivo para a promo\u00e7\u00e3o de mudan\u00e7as sociais, defendendo que a participa\u00e7\u00e3o de todos \u00e9 essencial para gerar benef\u00edcios \u00e0 sociedade.<\/p>\n\n\n\n<figure class=\"wp-block-image aligncenter size-full\"><img loading=\"lazy\" decoding=\"async\" width=\"600\" height=\"450\" src=\"https:\/\/faacz.com.br\/portal\/wp-content\/uploads\/2026\/03\/foto_18_03_26_04.png\" alt=\"\" class=\"wp-image-39739\" srcset=\"https:\/\/faacz.com.br\/portal\/wp-content\/uploads\/2026\/03\/foto_18_03_26_04.png 600w, https:\/\/faacz.com.br\/portal\/wp-content\/uploads\/2026\/03\/foto_18_03_26_04-24x18.png 24w, https:\/\/faacz.com.br\/portal\/wp-content\/uploads\/2026\/03\/foto_18_03_26_04-36x27.png 36w, https:\/\/faacz.com.br\/portal\/wp-content\/uploads\/2026\/03\/foto_18_03_26_04-48x36.png 48w\" sizes=\"(max-width: 600px) 100vw, 600px\" \/><\/figure>\n\n\n\n<p>De acordo com o professor Arismar Man\u00e9ia, respons\u00e1vel pela atividade, o momento foi significativo para a forma\u00e7\u00e3o acad\u00eamica dos calouros: <em>\u201cEnquanto docente respons\u00e1vel por esta atividade, destaco a relev\u00e2ncia do projeto desenvolvido no audit\u00f3rio, que proporcionou aos acad\u00eamicos uma experi\u00eancia pr\u00e1tica de debate e reflex\u00e3o. As discuss\u00f5es apresentadas contribuem para preparar os estudantes de Direito e Engenharia Mec\u00e2nica para uma vis\u00e3o cr\u00edtica sobre os pap\u00e9is que exercer\u00e3o no futuro, refor\u00e7ando a import\u00e2ncia de uma forma\u00e7\u00e3o comprometida com a sociedade\u201d,<\/em> afirmou o educador.<\/p>\n\n\n\n<figure class=\"wp-block-image aligncenter size-full\"><img loading=\"lazy\" decoding=\"async\" width=\"600\" height=\"450\" src=\"https:\/\/faacz.com.br\/portal\/wp-content\/uploads\/2026\/03\/foto_18_03_26_05.png\" alt=\"\" class=\"wp-image-39740\" srcset=\"https:\/\/faacz.com.br\/portal\/wp-content\/uploads\/2026\/03\/foto_18_03_26_05.png 600w, https:\/\/faacz.com.br\/portal\/wp-content\/uploads\/2026\/03\/foto_18_03_26_05-24x18.png 24w, https:\/\/faacz.com.br\/portal\/wp-content\/uploads\/2026\/03\/foto_18_03_26_05-36x27.png 36w, https:\/\/faacz.com.br\/portal\/wp-content\/uploads\/2026\/03\/foto_18_03_26_05-48x36.png 48w\" sizes=\"(max-width: 600px) 100vw, 600px\" \/><\/figure>\n\n\n\n<p>A iniciativa evidenciou a import\u00e2ncia da Extens\u00e3o Universit\u00e1ria como ferramenta de integra\u00e7\u00e3o entre ensino e sociedade, fortalecendo a consci\u00eancia cidad\u00e3 dos acad\u00eamicos e sua prepara\u00e7\u00e3o para atuar diante das demandas sociais contempor\u00e2neas. A troca de saberes entre os dois cursos ampliou a compreens\u00e3o dos estudantes sobre a complexidade dos problemas sociais e a necessidade de solu\u00e7\u00f5es interdisciplinares, experi\u00eancia que contribuir\u00e1 para sua atua\u00e7\u00e3o profissional futura.<\/p>\n\n\n\n<p><em><strong>Texto: Alessandro Bitti<\/strong><\/em><strong><br><\/strong><em>E-mail: comunicacao@fsjb.edu.br<\/em><em><br>alessandro@fsjb.edu.br<\/em><\/p>\n\n\n\n<p>Data da publica\u00e7\u00e3o: 18\/03\/2026<\/p>\n","protected":false},"excerpt":{"rendered":"<p>Uma atividade realizada no dia 5 de mar\u00e7o de 2026, no audit\u00f3rio da FAACZ (Faculdades Integradas de Aracruz), reuniu mais de 80 estudantes do 1\u00ba per\u00edodo dos cursos de Direito e Engenharia Mec\u00e2nica em um plen\u00e1rio voltado \u00e0 reflex\u00e3o sobre o papel da universidade e sua rela\u00e7\u00e3o com a sociedade. A a\u00e7\u00e3o integrou a disciplina de \u201cExtens\u00e3o Interdisciplinar\u201d, ministrada pelo professor Arismar Man\u00e9ia, contemplando o eixo \u201cCultura, Linguagem e Patrim\u00f4nio\u201d. Durante a atividade, os universit\u00e1rios envolveram-se na apresenta\u00e7\u00e3o de trabalhos em grupo com tem\u00e1ticas voltadas ao desenvolvimento de a\u00e7\u00f5es sociais inclusivas, abordando aspectos relacionados \u00e0 cultura e ao patrim\u00f4nio social. O plen\u00e1rio proporcionou um espa\u00e7o de di\u00e1logo marcado por diferentes posicionamentos e reflex\u00f5es sobre os desafios enfrentados pela sociedade contempor\u00e2nea. Os estudantes do curso de Direito destacaram-se pela fundamenta\u00e7\u00e3o cr\u00edtica, com abordagem voltada \u00e0 import\u00e2ncia da implementa\u00e7\u00e3o de projetos de extens\u00e3o social. J\u00e1 os alunos de Engenharia Mec\u00e2nica ressaltaram a necessidade do engajamento coletivo para a promo\u00e7\u00e3o de mudan\u00e7as sociais, defendendo que a participa\u00e7\u00e3o de todos \u00e9 essencial para gerar benef\u00edcios \u00e0 sociedade. De acordo com o professor Arismar Man\u00e9ia, respons\u00e1vel pela atividade, o momento foi significativo para a forma\u00e7\u00e3o acad\u00eamica dos calouros: \u201cEnquanto docente respons\u00e1vel por esta atividade, destaco a relev\u00e2ncia do projeto desenvolvido no audit\u00f3rio, que proporcionou aos acad\u00eamicos uma experi\u00eancia pr\u00e1tica de debate e reflex\u00e3o. As discuss\u00f5es apresentadas contribuem para preparar os estudantes de Direito e Engenharia Mec\u00e2nica para uma vis\u00e3o cr\u00edtica sobre os pap\u00e9is que exercer\u00e3o no futuro, refor\u00e7ando a import\u00e2ncia de uma forma\u00e7\u00e3o comprometida com a sociedade\u201d, afirmou o educador. A iniciativa evidenciou a import\u00e2ncia da Extens\u00e3o Universit\u00e1ria como ferramenta de integra\u00e7\u00e3o entre ensino e sociedade, fortalecendo a consci\u00eancia cidad\u00e3 dos acad\u00eamicos e sua prepara\u00e7\u00e3o para atuar diante das demandas sociais contempor\u00e2neas. A troca de saberes entre os dois cursos ampliou a compreens\u00e3o dos estudantes sobre a complexidade dos problemas sociais e a necessidade de solu\u00e7\u00f5es interdisciplinares, experi\u00eancia que contribuir\u00e1 para sua atua\u00e7\u00e3o profissional futura. Texto: Alessandro BittiE-mail: comunicacao@fsjb.edu.bralessandro@fsjb.edu.br Data da publica\u00e7\u00e3o: 18\/03\/2026<\/p>\n","protected":false},"author":2,"featured_media":39736,"comment_status":"closed","ping_status":"closed","sticky":false,"template":"","format":"standard","meta":{"om_disable_all_campaigns":false,"_exactmetrics_skip_tracking":false,"_exactmetrics_sitenote_active":false,"_exactmetrics_sitenote_note":"","_exactmetrics_sitenote_category":0,"_monsterinsights_skip_tracking":false,"_monsterinsights_sitenote_active":false,"_monsterinsights_sitenote_note":"","_monsterinsights_sitenote_category":0,"footnotes":""},"categories":[34],"tags":[],"class_list":["post-39735","post","type-post","status-publish","format-standard","has-post-thumbnail","hentry","category-faacz"],"aioseo_notices":[],"_links":{"self":[{"href":"https:\/\/faacz.com.br\/portal\/wp-json\/wp\/v2\/posts\/39735"}],"collection":[{"href":"https:\/\/faacz.com.br\/portal\/wp-json\/wp\/v2\/posts"}],"about":[{"href":"https:\/\/faacz.com.br\/portal\/wp-json\/wp\/v2\/types\/post"}],"author":[{"embeddable":true,"href":"https:\/\/faacz.com.br\/portal\/wp-json\/wp\/v2\/users\/2"}],"replies":[{"embeddable":true,"href":"https:\/\/faacz.com.br\/portal\/wp-json\/wp\/v2\/comments?post=39735"}],"version-history":[{"count":2,"href":"https:\/\/faacz.com.br\/portal\/wp-json\/wp\/v2\/posts\/39735\/revisions"}],"predecessor-version":[{"id":39742,"href":"https:\/\/faacz.com.br\/portal\/wp-json\/wp\/v2\/posts\/39735\/revisions\/39742"}],"wp:featuredmedia":[{"embeddable":true,"href":"https:\/\/faacz.com.br\/portal\/wp-json\/wp\/v2\/media\/39736"}],"wp:attachment":[{"href":"https:\/\/faacz.com.br\/portal\/wp-json\/wp\/v2\/media?parent=39735"}],"wp:term":[{"taxonomy":"category","embeddable":true,"href":"https:\/\/faacz.com.br\/portal\/wp-json\/wp\/v2\/categories?post=39735"},{"taxonomy":"post_tag","embeddable":true,"href":"https:\/\/faacz.com.br\/portal\/wp-json\/wp\/v2\/tags?post=39735"}],"curies":[{"name":"wp","href":"https:\/\/api.w.org\/{rel}","templated":true}]}}