{"id":36076,"date":"2024-12-19T18:28:48","date_gmt":"2024-12-19T21:28:48","guid":{"rendered":"https:\/\/faacz.com.br\/portal\/?p=36076"},"modified":"2024-12-19T18:28:50","modified_gmt":"2024-12-19T21:28:50","slug":"intercambista-do-panama-encerra-atividades-na-faacz-com-apresentacao-de-pesquisa-inovadora","status":"publish","type":"post","link":"https:\/\/faacz.com.br\/portal\/intercambista-do-panama-encerra-atividades-na-faacz-com-apresentacao-de-pesquisa-inovadora\/","title":{"rendered":"Intercambista do Panam\u00e1 encerra atividades na FAACZ com apresenta\u00e7\u00e3o de pesquisa inovadora"},"content":{"rendered":"\n<figure class=\"wp-block-image aligncenter size-full\"><img fetchpriority=\"high\" decoding=\"async\" width=\"600\" height=\"450\" src=\"https:\/\/faacz.com.br\/portal\/wp-content\/uploads\/2024\/12\/foto_19_12_24_02.jpg\" alt=\"\" class=\"wp-image-36077\" srcset=\"https:\/\/faacz.com.br\/portal\/wp-content\/uploads\/2024\/12\/foto_19_12_24_02.jpg 600w, https:\/\/faacz.com.br\/portal\/wp-content\/uploads\/2024\/12\/foto_19_12_24_02-24x18.jpg 24w, https:\/\/faacz.com.br\/portal\/wp-content\/uploads\/2024\/12\/foto_19_12_24_02-36x27.jpg 36w, https:\/\/faacz.com.br\/portal\/wp-content\/uploads\/2024\/12\/foto_19_12_24_02-48x36.jpg 48w\" sizes=\"(max-width: 600px) 100vw, 600px\" \/><figcaption class=\"wp-element-caption\">Fotos: Keren Hapuc<\/figcaption><\/figure>\n\n\n\n<p>O audit\u00f3rio do pr\u00e9dio Conselheiro \u201cPrimo Bitti\u201d, bloco \u201cB\u201d, da <strong><a href=\"https:\/\/faacz.com.br\/portal\/\" target=\"_blank\" rel=\"noopener\" title=\"\">FAACZ<\/a>, <\/strong>foi palco, no dia 4 de dezembro de 2024, da apresenta\u00e7\u00e3o de encerramento do intercambista panamenho Isaias El\u00ed Guerra, integrante do Programa de Est\u00e1gio Internacional. Na ocasi\u00e3o, Isaias apresentou sua pesquisa intitulada \u201cPar\u00e2metros de Consum\u00edveis e Espessuras de Chapa na \u00c1rea de Soldagem com o Uso de Eletrodo Revestido\u201d, desenvolvida sob orienta\u00e7\u00e3o do professor Cristiano Pessotti Del Carro, do curso de <strong><a href=\"https:\/\/faacz.com.br\/portal\/graduacao\/engenharia-mecanica\/\" target=\"_blank\" rel=\"noopener\" title=\"\">Engenharia Mec\u00e2nica.<\/a><\/strong><\/p>\n\n\n\n<figure class=\"wp-block-image aligncenter size-full\"><img decoding=\"async\" width=\"600\" height=\"450\" src=\"https:\/\/faacz.com.br\/portal\/wp-content\/uploads\/2024\/12\/foto_19_12_24_05.jpg\" alt=\"\" class=\"wp-image-36078\" srcset=\"https:\/\/faacz.com.br\/portal\/wp-content\/uploads\/2024\/12\/foto_19_12_24_05.jpg 600w, https:\/\/faacz.com.br\/portal\/wp-content\/uploads\/2024\/12\/foto_19_12_24_05-24x18.jpg 24w, https:\/\/faacz.com.br\/portal\/wp-content\/uploads\/2024\/12\/foto_19_12_24_05-36x27.jpg 36w, https:\/\/faacz.com.br\/portal\/wp-content\/uploads\/2024\/12\/foto_19_12_24_05-48x36.jpg 48w\" sizes=\"(max-width: 600px) 100vw, 600px\" \/><\/figure>\n\n\n\n<p><\/p>\n\n\n\n<p>Natural do Panam\u00e1 e estudante de Engenharia Mec\u00e2nica, Isaias chegou ao Brasil em 22 de setembro de 2024 para vivenciar uma experi\u00eancia acad\u00eamica e pr\u00e1tica na FAACZ. A apresenta\u00e7\u00e3o contou com a presen\u00e7a da diretora acad\u00eamica, professora Adriana Recla Sarcinelli; dos coordenadores dos cursos de Engenharia Mec\u00e2nica, professor Harerton Dourado, e <a href=\"https:\/\/faacz.com.br\/portal\/graduacao\/direito\/\" target=\"_blank\" rel=\"noopener\" title=\"\"><strong>Direito,<\/strong> <\/a>professor Hor\u00e1cio Ferreira; al\u00e9m de outros docentes, estudantes da FAACZ e do coordenador do Programa de Est\u00e1gio Internacional, professor Juss\u00e9lio Rodrigues Ribeiro.<\/p>\n\n\n\n<figure class=\"wp-block-image aligncenter size-full\"><img decoding=\"async\" width=\"600\" height=\"450\" src=\"https:\/\/faacz.com.br\/portal\/wp-content\/uploads\/2024\/12\/foto_19_12_24_03.jpg\" alt=\"\" class=\"wp-image-36079\" srcset=\"https:\/\/faacz.com.br\/portal\/wp-content\/uploads\/2024\/12\/foto_19_12_24_03.jpg 600w, https:\/\/faacz.com.br\/portal\/wp-content\/uploads\/2024\/12\/foto_19_12_24_03-24x18.jpg 24w, https:\/\/faacz.com.br\/portal\/wp-content\/uploads\/2024\/12\/foto_19_12_24_03-36x27.jpg 36w, https:\/\/faacz.com.br\/portal\/wp-content\/uploads\/2024\/12\/foto_19_12_24_03-48x36.jpg 48w\" sizes=\"(max-width: 600px) 100vw, 600px\" \/><\/figure>\n\n\n\n<p><\/p>\n\n\n\n<p>Em sua fala, o intercambista fez quest\u00e3o de agradecer aos envolvidos. <em>\u201cSou grato ao professor Cristiano por sua orienta\u00e7\u00e3o inestim\u00e1vel, ao <strong><a href=\"https:\/\/www.abipe.org.br\/estudantes\/programa-iaeste\" target=\"_blank\" rel=\"noopener\" title=\"\">IAESTE Brasil<\/a><\/strong> pelo suporte durante o processo e ao professor Juss\u00e9lio pelo incentivo e apoio log\u00edstico. Tamb\u00e9m quero agradecer a todos os funcion\u00e1rios da faculdade e ao meu anfitri\u00e3o brasileiro, William Matos da Silva, egresso da FAACZ, que tornou essa experi\u00eancia ainda mais especial\u201d, <\/em>destacou Isaias.<\/p>\n\n\n\n<h2 class=\"wp-block-heading\"><strong>Desafios e conquistas do programa de interc\u00e2mbio<\/strong><\/h2>\n\n\n\n<p>O professor Juss\u00e9lio Rodrigues Ribeiro refor\u00e7ou o pioneirismo e a complexidade log\u00edstica do programa, que inclui a sele\u00e7\u00e3o de estudantes hospedeiros, tr\u00e2mites legais e integra\u00e7\u00e3o cultural e acad\u00eamica. <em>\u201c\u00c9 um desafio e uma oportunidade \u00fanica para todos os envolvidos. Al\u00e9m disso, o programa valoriza a diversidade cultural e profissional, beneficiando tanto o intercambista quanto nossa comunidade acad\u00eamica\u201d,<\/em> afirmou o coordenador do Programa de Est\u00e1gio Internacional.<\/p>\n\n\n\n<figure class=\"wp-block-image aligncenter size-full\"><img loading=\"lazy\" decoding=\"async\" width=\"600\" height=\"450\" src=\"https:\/\/faacz.com.br\/portal\/wp-content\/uploads\/2024\/12\/foto_19_12_24_04.jpg\" alt=\"\" class=\"wp-image-36080\" srcset=\"https:\/\/faacz.com.br\/portal\/wp-content\/uploads\/2024\/12\/foto_19_12_24_04.jpg 600w, https:\/\/faacz.com.br\/portal\/wp-content\/uploads\/2024\/12\/foto_19_12_24_04-24x18.jpg 24w, https:\/\/faacz.com.br\/portal\/wp-content\/uploads\/2024\/12\/foto_19_12_24_04-36x27.jpg 36w, https:\/\/faacz.com.br\/portal\/wp-content\/uploads\/2024\/12\/foto_19_12_24_04-48x36.jpg 48w\" sizes=\"(max-width: 600px) 100vw, 600px\" \/><\/figure>\n\n\n\n<p><\/p>\n\n\n\n<p>Juss\u00e9lio enfatizou os benef\u00edcios da diversidade cultural proporcionada pelo programa. <em>\u201c\u00c9 importante termos essa experi\u00eancia internacional, pois ela \u00e9 muito valorizada tanto no ambiente acad\u00eamico quanto no profissional\u201d,<\/em> destacou o docente. Al\u00e9m disso, ele mencionou que a FAACZ, por meio de sua mantenedora, a <strong><a href=\"http:\/\/fsjb.edu.br\/\" target=\"_blank\" rel=\"noopener\" title=\"\">Funda\u00e7\u00e3o S\u00e3o Jo\u00e3o Batista (FSJB),<\/a><\/strong> oferece uma bolsa-aux\u00edlio para cobrir gastos pessoais do intercambista, refor\u00e7ando o apoio ao aluno durante a estadia.<\/p>\n\n\n\n<p>O coordenador do Programa de Est\u00e1gio Internacional demonstrou entusiasmo em rela\u00e7\u00e3o ao futuro do programa: <em>\u201cAs perspectivas para 2025 s\u00e3o muito boas. J\u00e1 temos quatro estudantes selecionados e estamos em tratativas com a <strong><a href=\"https:\/\/www.abipe.org.br\/\" target=\"_blank\" rel=\"noopener\" title=\"\">ABIPE<\/a> <\/strong>para receber esses intercambistas\u201d,<\/em> concluiu o docente da FAACZ.<\/p>\n\n\n\n<p>Segundo o professor Cristiano Pessotti, durante todo o processo de estudo, o aluno intercambista demonstrou dedica\u00e7\u00e3o e esfor\u00e7o: <em>\u201cNos primeiros dias, Isaias teve contato direto com a solda por eletrodo revestido, o que despertou seu interesse em aprofundar os estudos. Trabalhamos juntos para investigar par\u00e2metros operacionais e dimensionais dessa t\u00e9cnica\u201d,<\/em> explicou o docente destacando o impacto da experi\u00eancia pr\u00e1tica no desenvolvimento da pesquisa.<\/p>\n\n\n\n<figure class=\"wp-block-image aligncenter size-full\"><img loading=\"lazy\" decoding=\"async\" width=\"600\" height=\"450\" src=\"https:\/\/faacz.com.br\/portal\/wp-content\/uploads\/2024\/12\/foto_19_12_24_06.jpg\" alt=\"\" class=\"wp-image-36081\" srcset=\"https:\/\/faacz.com.br\/portal\/wp-content\/uploads\/2024\/12\/foto_19_12_24_06.jpg 600w, https:\/\/faacz.com.br\/portal\/wp-content\/uploads\/2024\/12\/foto_19_12_24_06-24x18.jpg 24w, https:\/\/faacz.com.br\/portal\/wp-content\/uploads\/2024\/12\/foto_19_12_24_06-36x27.jpg 36w, https:\/\/faacz.com.br\/portal\/wp-content\/uploads\/2024\/12\/foto_19_12_24_06-48x36.jpg 48w\" sizes=\"(max-width: 600px) 100vw, 600px\" \/><\/figure>\n\n\n\n<p><\/p>\n\n\n\n<p>Cristiano tamb\u00e9m ressaltou a import\u00e2ncia da viv\u00eancia experimental fornecida pelo programa: <em>\u201cAl\u00e9m da pesquisa, Isaias conheceu uma das maiores empresas da regi\u00e3o, a Imetame, onde p\u00f4de aplicar na pr\u00e1tica os conceitos te\u00f3ricos aprendidos em sala de aula\u201d, <\/em>disse. Ele refor\u00e7ou ainda o valor do Programa de Interc\u00e2mbio da FAACZ: <em>\u201cSempre incentivo meus alunos a participarem das iniciativas ofertadas pela institui\u00e7\u00e3o, como essa. \u00c9 uma oportunidade de estudar fora, aprender uma nova l\u00edngua e, quem sabe, construir carreira no exterior, como muitos ex-alunos j\u00e1 fizeram\u201d.<\/em><\/p>\n\n\n\n<h2 class=\"wp-block-heading\"><strong>Enriquecimento cultural e aprendizado m\u00fatuo<\/strong><\/h2>\n\n\n\n<p>Isaias afirmou que a experi\u00eancia no Brasil transformou seus planos profissionais:<em> \u201cEstagiar em um pa\u00eds t\u00e3o rico em cultura como o Brasil foi incr\u00edvel e mudou meus planos\u201d.<\/em><em> <\/em>Durante a estadia em Aracruz, Isaias conheceu a Imetame, empresa de destaque na \u00e1rea de Engenharia Mec\u00e2nica, e viu novas possibilidades para seu futuro: <em>\u201cCom a futura abertura de um porto pr\u00f3ximo \u00e0 cidade, muitas portas se abrir\u00e3o. Gostaria, ap\u00f3s a gradua\u00e7\u00e3o, de fazer parte dessa equipe\u201d, <\/em>revelou. Para ele, o per\u00edodo na FAACZ foi especial: <em>\u201cFoi um prazer e uma honra ser estudante de interc\u00e2mbio, e penso em voltar\u201d,<\/em> concluiu.<\/p>\n\n\n\n<figure class=\"wp-block-image aligncenter size-full\"><img loading=\"lazy\" decoding=\"async\" width=\"600\" height=\"450\" src=\"https:\/\/faacz.com.br\/portal\/wp-content\/uploads\/2024\/12\/foto_19_12_24_07.jpg\" alt=\"\" class=\"wp-image-36082\" srcset=\"https:\/\/faacz.com.br\/portal\/wp-content\/uploads\/2024\/12\/foto_19_12_24_07.jpg 600w, https:\/\/faacz.com.br\/portal\/wp-content\/uploads\/2024\/12\/foto_19_12_24_07-24x18.jpg 24w, https:\/\/faacz.com.br\/portal\/wp-content\/uploads\/2024\/12\/foto_19_12_24_07-36x27.jpg 36w, https:\/\/faacz.com.br\/portal\/wp-content\/uploads\/2024\/12\/foto_19_12_24_07-48x36.jpg 48w\" sizes=\"(max-width: 600px) 100vw, 600px\" \/><\/figure>\n\n\n\n<p><\/p>\n\n\n\n<p>Rafaela Nascimento Caliman, aluna do 5\u00ba per\u00edodo do curso de <strong><a href=\"https:\/\/faacz.com.br\/portal\/graduacao\/administracao\/\" target=\"_blank\" rel=\"noopener\" title=\"\">Administra\u00e7\u00e3o,<\/a><\/strong> elogiou a troca cultural promovida pela presen\u00e7a de Isaias na FAACZ. <em>\u201cEle compartilhou aspectos de sua cultura, como a culin\u00e1ria panamenha, e se envolveu ativamente com a nossa. Foi um aprendizado m\u00fatuo que enriqueceu todos n\u00f3s\u201d, <\/em>disse a universit\u00e1ria.<\/p>\n\n\n\n<p>Ela tamb\u00e9m mencionou os aprendizados t\u00e9cnicos do intercambista: <em>\u201cEle destacou a pr\u00e1tica de soldagem e as visitas a grandes empresas, que ampliaram sua vis\u00e3o profissional. Foi uma jornada de crescimento pessoal e de contribui\u00e7\u00e3o rec\u00edproca entre ele e a FAACZ, refor\u00e7ando o valor dos programas de interc\u00e2mbio\u201d,<\/em> afirmou Caliman.<\/p>\n\n\n\n<figure class=\"wp-block-image aligncenter size-full\"><img loading=\"lazy\" decoding=\"async\" width=\"600\" height=\"450\" src=\"https:\/\/faacz.com.br\/portal\/wp-content\/uploads\/2024\/12\/foto_19_12_24_08.jpg\" alt=\"\" class=\"wp-image-36083\" srcset=\"https:\/\/faacz.com.br\/portal\/wp-content\/uploads\/2024\/12\/foto_19_12_24_08.jpg 600w, https:\/\/faacz.com.br\/portal\/wp-content\/uploads\/2024\/12\/foto_19_12_24_08-24x18.jpg 24w, https:\/\/faacz.com.br\/portal\/wp-content\/uploads\/2024\/12\/foto_19_12_24_08-36x27.jpg 36w, https:\/\/faacz.com.br\/portal\/wp-content\/uploads\/2024\/12\/foto_19_12_24_08-48x36.jpg 48w\" sizes=\"(max-width: 600px) 100vw, 600px\" \/><\/figure>\n\n\n\n<p><\/p>\n\n\n\n<p>J\u00e1 Camila Queiroz Fantin, estudante do 6\u00ba per\u00edodo de Administra\u00e7\u00e3o, destacou o impacto coletivo da experi\u00eancia: <em>\u201cA estadia do Isaias foi muito rica e produtiva para todos. O Programa de Est\u00e1gio Internacional \u00e9 uma iniciativa muito interessante que proporciona experi\u00eancias \u00fanicas\u201d,<\/em> afirmou a acad\u00eamica da FAACZ.<\/p>\n\n\n\n<p>A experi\u00eancia de Isaias El\u00ed Guerra reafirma o compromisso da FAACZ com a forma\u00e7\u00e3o global e a integra\u00e7\u00e3o cultural, consolidando a institui\u00e7\u00e3o como refer\u00eancia em programas de interc\u00e2mbio e internacionaliza\u00e7\u00e3o. Com encerramento do est\u00e1gio, o Programa de Interc\u00e2mbio Internacional da FAACZ reafirma seu papel na promo\u00e7\u00e3o de experi\u00eancias globais, fortalecendo a forma\u00e7\u00e3o de seus alunos e a integra\u00e7\u00e3o cultural entre pa\u00edses.<\/p>\n\n\n\n<p><em><strong>Texto: Alessandro Bitti<\/strong><\/em><br><em>E-mail: comunicacao@fsjb.edu.br<\/em><em><br>alessandro@fsjb.edu.br<\/em><\/p>\n\n\n\n<p>Data da publica\u00e7\u00e3o: 19\/12\/2024<\/p>\n","protected":false},"excerpt":{"rendered":"<p>O audit\u00f3rio do pr\u00e9dio Conselheiro \u201cPrimo Bitti\u201d, bloco \u201cB\u201d, da FAACZ, foi palco, no dia 4 de dezembro de 2024, da apresenta\u00e7\u00e3o de encerramento do intercambista panamenho Isaias El\u00ed Guerra, integrante do Programa de Est\u00e1gio Internacional. Na ocasi\u00e3o, Isaias apresentou sua pesquisa intitulada \u201cPar\u00e2metros de Consum\u00edveis e Espessuras de Chapa na \u00c1rea de Soldagem com o Uso de Eletrodo Revestido\u201d, desenvolvida sob orienta\u00e7\u00e3o do professor Cristiano Pessotti Del Carro, do curso de Engenharia Mec\u00e2nica. Natural do Panam\u00e1 e estudante de Engenharia Mec\u00e2nica, Isaias chegou ao Brasil em 22 de setembro de 2024 para vivenciar uma experi\u00eancia acad\u00eamica e pr\u00e1tica na FAACZ. A apresenta\u00e7\u00e3o contou com a presen\u00e7a da diretora acad\u00eamica, professora Adriana Recla Sarcinelli; dos coordenadores dos cursos de Engenharia Mec\u00e2nica, professor Harerton Dourado, e Direito, professor Hor\u00e1cio Ferreira; al\u00e9m de outros docentes, estudantes da FAACZ e do coordenador do Programa de Est\u00e1gio Internacional, professor Juss\u00e9lio Rodrigues Ribeiro. Em sua fala, o intercambista fez quest\u00e3o de agradecer aos envolvidos. \u201cSou grato ao professor Cristiano por sua orienta\u00e7\u00e3o inestim\u00e1vel, ao IAESTE Brasil pelo suporte durante o processo e ao professor Juss\u00e9lio pelo incentivo e apoio log\u00edstico. Tamb\u00e9m quero agradecer a todos os funcion\u00e1rios da faculdade e ao meu anfitri\u00e3o brasileiro, William Matos da Silva, egresso da FAACZ, que tornou essa experi\u00eancia ainda mais especial\u201d, destacou Isaias. Desafios e conquistas do programa de interc\u00e2mbio O professor Juss\u00e9lio Rodrigues Ribeiro refor\u00e7ou o pioneirismo e a complexidade log\u00edstica do programa, que inclui a sele\u00e7\u00e3o de estudantes hospedeiros, tr\u00e2mites legais e integra\u00e7\u00e3o cultural e acad\u00eamica. \u201c\u00c9 um desafio e uma oportunidade \u00fanica para todos os envolvidos. Al\u00e9m disso, o programa valoriza a diversidade cultural e profissional, beneficiando tanto o intercambista quanto nossa comunidade acad\u00eamica\u201d, afirmou o coordenador do Programa de Est\u00e1gio Internacional. Juss\u00e9lio enfatizou os benef\u00edcios da diversidade cultural proporcionada pelo programa. \u201c\u00c9 importante termos essa experi\u00eancia internacional, pois ela \u00e9 muito valorizada tanto no ambiente acad\u00eamico quanto no profissional\u201d, destacou o docente. Al\u00e9m disso, ele mencionou que a FAACZ, por meio de sua mantenedora, a Funda\u00e7\u00e3o S\u00e3o Jo\u00e3o Batista (FSJB), oferece uma bolsa-aux\u00edlio para cobrir gastos pessoais do intercambista, refor\u00e7ando o apoio ao aluno durante a estadia. O coordenador do Programa de Est\u00e1gio Internacional demonstrou entusiasmo em rela\u00e7\u00e3o ao futuro do programa: \u201cAs perspectivas para 2025 s\u00e3o muito boas. J\u00e1 temos quatro estudantes selecionados e estamos em tratativas com a ABIPE para receber esses intercambistas\u201d, concluiu o docente da FAACZ. Segundo o professor Cristiano Pessotti, durante todo o processo de estudo, o aluno intercambista demonstrou dedica\u00e7\u00e3o e esfor\u00e7o: \u201cNos primeiros dias, Isaias teve contato direto com a solda por eletrodo revestido, o que despertou seu interesse em aprofundar os estudos. Trabalhamos juntos para investigar par\u00e2metros operacionais e dimensionais dessa t\u00e9cnica\u201d, explicou o docente destacando o impacto da experi\u00eancia pr\u00e1tica no desenvolvimento da pesquisa. Cristiano tamb\u00e9m ressaltou a import\u00e2ncia da viv\u00eancia experimental fornecida pelo programa: \u201cAl\u00e9m da pesquisa, Isaias conheceu uma das maiores empresas da regi\u00e3o, a Imetame, onde p\u00f4de aplicar na pr\u00e1tica os conceitos te\u00f3ricos aprendidos em sala de aula\u201d, disse. Ele refor\u00e7ou ainda o valor do Programa de Interc\u00e2mbio da FAACZ: \u201cSempre incentivo meus alunos a participarem das iniciativas ofertadas pela institui\u00e7\u00e3o, como essa. \u00c9 uma oportunidade de estudar fora, aprender uma nova l\u00edngua e, quem sabe, construir carreira no exterior, como muitos ex-alunos j\u00e1 fizeram\u201d. Enriquecimento cultural e aprendizado m\u00fatuo Isaias afirmou que a experi\u00eancia no Brasil transformou seus planos profissionais: \u201cEstagiar em um pa\u00eds t\u00e3o rico em cultura como o Brasil foi incr\u00edvel e mudou meus planos\u201d. Durante a estadia em Aracruz, Isaias conheceu a Imetame, empresa de destaque na \u00e1rea de Engenharia Mec\u00e2nica, e viu novas possibilidades para seu futuro: \u201cCom a futura abertura de um porto pr\u00f3ximo \u00e0 cidade, muitas portas se abrir\u00e3o. Gostaria, ap\u00f3s a gradua\u00e7\u00e3o, de fazer parte dessa equipe\u201d, revelou. Para ele, o per\u00edodo na FAACZ foi especial: \u201cFoi um prazer e uma honra ser estudante de interc\u00e2mbio, e penso em voltar\u201d, concluiu. Rafaela Nascimento Caliman, aluna do 5\u00ba per\u00edodo do curso de Administra\u00e7\u00e3o, elogiou a troca cultural promovida pela presen\u00e7a de Isaias na FAACZ. \u201cEle compartilhou aspectos de sua cultura, como a culin\u00e1ria panamenha, e se envolveu ativamente com a nossa. Foi um aprendizado m\u00fatuo que enriqueceu todos n\u00f3s\u201d, disse a universit\u00e1ria. Ela tamb\u00e9m mencionou os aprendizados t\u00e9cnicos do intercambista: \u201cEle destacou a pr\u00e1tica de soldagem e as visitas a grandes empresas, que ampliaram sua vis\u00e3o profissional. Foi uma jornada de crescimento pessoal e de contribui\u00e7\u00e3o rec\u00edproca entre ele e a FAACZ, refor\u00e7ando o valor dos programas de interc\u00e2mbio\u201d, afirmou Caliman. J\u00e1 Camila Queiroz Fantin, estudante do 6\u00ba per\u00edodo de Administra\u00e7\u00e3o, destacou o impacto coletivo da experi\u00eancia: \u201cA estadia do Isaias foi muito rica e produtiva para todos. O Programa de Est\u00e1gio Internacional \u00e9 uma iniciativa muito interessante que proporciona experi\u00eancias \u00fanicas\u201d, afirmou a acad\u00eamica da FAACZ. A experi\u00eancia de Isaias El\u00ed Guerra reafirma o compromisso da FAACZ com a forma\u00e7\u00e3o global e a integra\u00e7\u00e3o cultural, consolidando a institui\u00e7\u00e3o como refer\u00eancia em programas de interc\u00e2mbio e internacionaliza\u00e7\u00e3o. Com encerramento do est\u00e1gio, o Programa de Interc\u00e2mbio Internacional da FAACZ reafirma seu papel na promo\u00e7\u00e3o de experi\u00eancias globais, fortalecendo a forma\u00e7\u00e3o de seus alunos e a integra\u00e7\u00e3o cultural entre pa\u00edses. Texto: Alessandro BittiE-mail: comunicacao@fsjb.edu.bralessandro@fsjb.edu.br Data da publica\u00e7\u00e3o: 19\/12\/2024<\/p>\n","protected":false},"author":2,"featured_media":36077,"comment_status":"closed","ping_status":"closed","sticky":false,"template":"","format":"standard","meta":{"om_disable_all_campaigns":false,"_exactmetrics_skip_tracking":false,"_exactmetrics_sitenote_active":false,"_exactmetrics_sitenote_note":"","_exactmetrics_sitenote_category":0,"_monsterinsights_skip_tracking":false,"_monsterinsights_sitenote_active":false,"_monsterinsights_sitenote_note":"","_monsterinsights_sitenote_category":0,"footnotes":""},"categories":[187],"tags":[],"class_list":["post-36076","post","type-post","status-publish","format-standard","has-post-thumbnail","hentry","category-estagio-internacional"],"aioseo_notices":[],"_links":{"self":[{"href":"https:\/\/faacz.com.br\/portal\/wp-json\/wp\/v2\/posts\/36076"}],"collection":[{"href":"https:\/\/faacz.com.br\/portal\/wp-json\/wp\/v2\/posts"}],"about":[{"href":"https:\/\/faacz.com.br\/portal\/wp-json\/wp\/v2\/types\/post"}],"author":[{"embeddable":true,"href":"https:\/\/faacz.com.br\/portal\/wp-json\/wp\/v2\/users\/2"}],"replies":[{"embeddable":true,"href":"https:\/\/faacz.com.br\/portal\/wp-json\/wp\/v2\/comments?post=36076"}],"version-history":[{"count":2,"href":"https:\/\/faacz.com.br\/portal\/wp-json\/wp\/v2\/posts\/36076\/revisions"}],"predecessor-version":[{"id":36085,"href":"https:\/\/faacz.com.br\/portal\/wp-json\/wp\/v2\/posts\/36076\/revisions\/36085"}],"wp:featuredmedia":[{"embeddable":true,"href":"https:\/\/faacz.com.br\/portal\/wp-json\/wp\/v2\/media\/36077"}],"wp:attachment":[{"href":"https:\/\/faacz.com.br\/portal\/wp-json\/wp\/v2\/media?parent=36076"}],"wp:term":[{"taxonomy":"category","embeddable":true,"href":"https:\/\/faacz.com.br\/portal\/wp-json\/wp\/v2\/categories?post=36076"},{"taxonomy":"post_tag","embeddable":true,"href":"https:\/\/faacz.com.br\/portal\/wp-json\/wp\/v2\/tags?post=36076"}],"curies":[{"name":"wp","href":"https:\/\/api.w.org\/{rel}","templated":true}]}}