{"id":35606,"date":"2024-11-06T17:21:51","date_gmt":"2024-11-06T20:21:51","guid":{"rendered":"https:\/\/faacz.com.br\/portal\/?p=35606"},"modified":"2024-11-06T17:21:54","modified_gmt":"2024-11-06T20:21:54","slug":"zumba-rosa-faculdade-e-comunidade-unidas-na-prevencao-ao-cancer-e-encerramento-do-outubro-rosa-em-aracruz","status":"publish","type":"post","link":"https:\/\/faacz.com.br\/portal\/zumba-rosa-faculdade-e-comunidade-unidas-na-prevencao-ao-cancer-e-encerramento-do-outubro-rosa-em-aracruz\/","title":{"rendered":"Zumba Rosa: Faculdade e comunidade unidas na preven\u00e7\u00e3o ao c\u00e2ncer e encerramento do \u201cOutubro Rosa\u201d em Aracruz"},"content":{"rendered":"\n<figure class=\"wp-block-image aligncenter size-full\"><img fetchpriority=\"high\" decoding=\"async\" width=\"600\" height=\"450\" src=\"https:\/\/faacz.com.br\/portal\/wp-content\/uploads\/2024\/11\/foto_06_11_24_01.jpg\" alt=\"\" class=\"wp-image-35607\" srcset=\"https:\/\/faacz.com.br\/portal\/wp-content\/uploads\/2024\/11\/foto_06_11_24_01.jpg 600w, https:\/\/faacz.com.br\/portal\/wp-content\/uploads\/2024\/11\/foto_06_11_24_01-24x18.jpg 24w, https:\/\/faacz.com.br\/portal\/wp-content\/uploads\/2024\/11\/foto_06_11_24_01-36x27.jpg 36w, https:\/\/faacz.com.br\/portal\/wp-content\/uploads\/2024\/11\/foto_06_11_24_01-48x36.jpg 48w\" sizes=\"(max-width: 600px) 100vw, 600px\" \/><figcaption class=\"wp-element-caption\">Fotos: Divulga\u00e7\u00e3o<\/figcaption><\/figure>\n\n\n\n<p>No dia 31 de outubro de 2024, o curso de <strong><a href=\"https:\/\/faacz.com.br\/portal\/graduacao\/cursos\/enfermagem\/\" target=\"_blank\" rel=\"noopener\" title=\"\">Enfermagem<\/a> <\/strong>das <strong><a href=\"https:\/\/faacz.com.br\/portal\/\" target=\"_blank\" rel=\"noopener\" title=\"\">Faculdades Integradas de Aracruz (FAACZ)<\/a>,<\/strong> a convite da <strong><a href=\"https:\/\/www.aracruz.es.gov.br\/secretarias\/semsa\" target=\"_blank\" rel=\"noopener\" title=\"\">Secretaria Municipal de Sa\u00fade (SEMSA)<\/a>,<\/strong> marcou presen\u00e7a no evento \u201cZumba Rosa \u2013 Dan\u00e7ando pela Vida\u201d. Promovido pela CRIARTE em parceria com o <a href=\"https:\/\/sebrae.com.br\/sites\/PortalSebrae\/ufs\/es?codUf=8\" target=\"_blank\" rel=\"noopener\" title=\"\"><strong>SEBRAE<\/strong> <\/a>e a organiza\u00e7\u00e3o <strong><a href=\"https:\/\/www.aracruz.es.gov.br\/edital\/168-municipio-de-aracruz-por-meio-da-secretaria-de-desenvolvimento-social-e-trabalho-assina-termo-de-fomento-de-no-0072018-para-repasse-a-organizacao-da-sociedade-civil-associacao-amigos-da-justica-cidadania-educacao-e-arte\" target=\"_blank\" rel=\"noopener\" title=\"\">Amigos da Justi\u00e7a<\/a><\/strong>, o encontro, realizado na Pra\u00e7a da Paz, destacou a import\u00e2ncia da preven\u00e7\u00e3o e conscientiza\u00e7\u00e3o sobre o c\u00e2ncer de mama, encerrando as a\u00e7\u00f5es do \u201c<strong><a href=\"https:\/\/www.gov.br\/saude\/pt-br\/campanhas-da-saude\/2024\/outubro-rosa\" target=\"_blank\" rel=\"noopener\" title=\"\">Outubro Rosa<\/a><\/strong>\u201d em Aracruz.<\/p>\n\n\n\n<p>A programa\u00e7\u00e3o do \u201cZumba Rosa\u201d trouxe palestras informativas sobre preven\u00e7\u00e3o do c\u00e2ncer de mama, conduzidas por profissionais da Secretaria Municipal de Sa\u00fade, da <strong><a href=\"https:\/\/www.aracruz.es.gov.br\/\" target=\"_blank\" rel=\"noopener\" title=\"\">Prefeitura de Aracruz<\/a><\/strong>, que abordaram pr\u00e1ticas de autocuidado e a import\u00e2ncia do diagn\u00f3stico precoce. Al\u00e9m disso, o evento incluiu atividades de dan\u00e7a e medita\u00e7\u00e3o, oferecendo um ambiente de acolhimento e apoio, enquanto incentivava o cuidado com a sa\u00fade f\u00edsica e emocional das participantes.<\/p>\n\n\n\n<figure class=\"wp-block-gallery has-nested-images columns-default is-cropped wp-block-gallery-1 is-layout-flex wp-block-gallery-is-layout-flex\">\n<figure class=\"wp-block-image size-large\"><img decoding=\"async\" width=\"600\" height=\"450\" data-id=\"35608\" src=\"https:\/\/faacz.com.br\/portal\/wp-content\/uploads\/2024\/11\/foto_06_11_24_02.jpg\" alt=\"\" class=\"wp-image-35608\" srcset=\"https:\/\/faacz.com.br\/portal\/wp-content\/uploads\/2024\/11\/foto_06_11_24_02.jpg 600w, https:\/\/faacz.com.br\/portal\/wp-content\/uploads\/2024\/11\/foto_06_11_24_02-24x18.jpg 24w, https:\/\/faacz.com.br\/portal\/wp-content\/uploads\/2024\/11\/foto_06_11_24_02-36x27.jpg 36w, https:\/\/faacz.com.br\/portal\/wp-content\/uploads\/2024\/11\/foto_06_11_24_02-48x36.jpg 48w\" sizes=\"(max-width: 600px) 100vw, 600px\" \/><\/figure>\n\n\n\n<figure class=\"wp-block-image size-large\"><img decoding=\"async\" width=\"600\" height=\"450\" data-id=\"35609\" src=\"https:\/\/faacz.com.br\/portal\/wp-content\/uploads\/2024\/11\/foto_06_11_24_03.jpg\" alt=\"\" class=\"wp-image-35609\" srcset=\"https:\/\/faacz.com.br\/portal\/wp-content\/uploads\/2024\/11\/foto_06_11_24_03.jpg 600w, https:\/\/faacz.com.br\/portal\/wp-content\/uploads\/2024\/11\/foto_06_11_24_03-24x18.jpg 24w, https:\/\/faacz.com.br\/portal\/wp-content\/uploads\/2024\/11\/foto_06_11_24_03-36x27.jpg 36w, https:\/\/faacz.com.br\/portal\/wp-content\/uploads\/2024\/11\/foto_06_11_24_03-48x36.jpg 48w\" sizes=\"(max-width: 600px) 100vw, 600px\" \/><\/figure>\n\n\n\n<figure class=\"wp-block-image size-large\"><img loading=\"lazy\" decoding=\"async\" width=\"600\" height=\"450\" data-id=\"35610\" src=\"https:\/\/faacz.com.br\/portal\/wp-content\/uploads\/2024\/11\/foto_06_11_24_04.jpg\" alt=\"\" class=\"wp-image-35610\" srcset=\"https:\/\/faacz.com.br\/portal\/wp-content\/uploads\/2024\/11\/foto_06_11_24_04.jpg 600w, https:\/\/faacz.com.br\/portal\/wp-content\/uploads\/2024\/11\/foto_06_11_24_04-24x18.jpg 24w, https:\/\/faacz.com.br\/portal\/wp-content\/uploads\/2024\/11\/foto_06_11_24_04-36x27.jpg 36w, https:\/\/faacz.com.br\/portal\/wp-content\/uploads\/2024\/11\/foto_06_11_24_04-48x36.jpg 48w\" sizes=\"(max-width: 600px) 100vw, 600px\" \/><\/figure>\n<\/figure>\n\n\n\n<p>No local, tamb\u00e9m foram oferecidos servi\u00e7os de sa\u00fade preventiva e diagn\u00f3stica, como testagem r\u00e1pida para Infec\u00e7\u00f5es Sexualmente Transmiss\u00edveis (ISTs), aferi\u00e7\u00e3o de press\u00e3o arterial e monitoramento de glicemia capilar. A equipe contou com 20 acad\u00eamicos de Enfermagem da FAACZ, sob supervis\u00e3o da preceptora, a enfermeira Elisangela Rodrigues Pereira e do coordenador do curso, professor Alan Diniz Ferreira. Juntos, eles atenderam mais de 100 mulheres, proporcionando aprendizado pr\u00e1tico e promovendo um v\u00ednculo significativo entre a faculdade e a comunidade local.<\/p>\n\n\n\n<p>O evento evidenciou o compromisso das institui\u00e7\u00f5es com o bem-estar da popula\u00e7\u00e3o feminina, refor\u00e7ando a conscientiza\u00e7\u00e3o sobre o c\u00e2ncer de mama e incentivando pr\u00e1ticas saud\u00e1veis que impactam positivamente a qualidade de vida. O \u201cZumba Rosa\u201d encerrou o m\u00eas com uma mensagem de esperan\u00e7a e conscientiza\u00e7\u00e3o, mostrando que a sa\u00fade pode ser promovida de forma leve e integrada, por meio do movimento e do apoio coletivo.<\/p>\n\n\n\n<figure class=\"wp-block-gallery has-nested-images columns-default is-cropped wp-block-gallery-2 is-layout-flex wp-block-gallery-is-layout-flex\">\n<figure class=\"wp-block-image size-large\"><img loading=\"lazy\" decoding=\"async\" width=\"600\" height=\"450\" data-id=\"35611\" src=\"https:\/\/faacz.com.br\/portal\/wp-content\/uploads\/2024\/11\/foto_06_11_24_05.jpg\" alt=\"\" class=\"wp-image-35611\" srcset=\"https:\/\/faacz.com.br\/portal\/wp-content\/uploads\/2024\/11\/foto_06_11_24_05.jpg 600w, https:\/\/faacz.com.br\/portal\/wp-content\/uploads\/2024\/11\/foto_06_11_24_05-24x18.jpg 24w, https:\/\/faacz.com.br\/portal\/wp-content\/uploads\/2024\/11\/foto_06_11_24_05-36x27.jpg 36w, https:\/\/faacz.com.br\/portal\/wp-content\/uploads\/2024\/11\/foto_06_11_24_05-48x36.jpg 48w\" sizes=\"(max-width: 600px) 100vw, 600px\" \/><\/figure>\n\n\n\n<figure class=\"wp-block-image size-large\"><img loading=\"lazy\" decoding=\"async\" width=\"600\" height=\"450\" data-id=\"35612\" src=\"https:\/\/faacz.com.br\/portal\/wp-content\/uploads\/2024\/11\/foto_06_11_24_06.jpg\" alt=\"\" class=\"wp-image-35612\" srcset=\"https:\/\/faacz.com.br\/portal\/wp-content\/uploads\/2024\/11\/foto_06_11_24_06.jpg 600w, https:\/\/faacz.com.br\/portal\/wp-content\/uploads\/2024\/11\/foto_06_11_24_06-24x18.jpg 24w, https:\/\/faacz.com.br\/portal\/wp-content\/uploads\/2024\/11\/foto_06_11_24_06-36x27.jpg 36w, https:\/\/faacz.com.br\/portal\/wp-content\/uploads\/2024\/11\/foto_06_11_24_06-48x36.jpg 48w\" sizes=\"(max-width: 600px) 100vw, 600px\" \/><\/figure>\n\n\n\n<figure class=\"wp-block-image size-large\"><img loading=\"lazy\" decoding=\"async\" width=\"600\" height=\"450\" data-id=\"35613\" src=\"https:\/\/faacz.com.br\/portal\/wp-content\/uploads\/2024\/11\/foto_06_11_24_07.jpg\" alt=\"\" class=\"wp-image-35613\" srcset=\"https:\/\/faacz.com.br\/portal\/wp-content\/uploads\/2024\/11\/foto_06_11_24_07.jpg 600w, https:\/\/faacz.com.br\/portal\/wp-content\/uploads\/2024\/11\/foto_06_11_24_07-24x18.jpg 24w, https:\/\/faacz.com.br\/portal\/wp-content\/uploads\/2024\/11\/foto_06_11_24_07-36x27.jpg 36w, https:\/\/faacz.com.br\/portal\/wp-content\/uploads\/2024\/11\/foto_06_11_24_07-48x36.jpg 48w\" sizes=\"(max-width: 600px) 100vw, 600px\" \/><\/figure>\n<\/figure>\n\n\n\n<p>Durante o evento, o professor Alan Diniz Ferreira destacou as principais medidas preventivas contra o c\u00e2ncer de mama e o c\u00e2ncer de colo de \u00fatero. <em>\u201cA preven\u00e7\u00e3o do c\u00e2ncer de mama envolve o autoexame e a mamografia peri\u00f3dica a partir dos 40 anos ou conforme orienta\u00e7\u00e3o m\u00e9dica, al\u00e9m de uma rotina de h\u00e1bitos saud\u00e1veis, como dieta balanceada, pr\u00e1tica regular de atividade f\u00edsica e redu\u00e7\u00e3o do consumo de \u00e1lcool\u201d,<\/em> afirmou ele. Sobre o c\u00e2ncer de colo de \u00fatero, enfatizou a vacina\u00e7\u00e3o contra o HPV e a realiza\u00e7\u00e3o anual do exame Papanicolau a partir dos 25 anos, pr\u00e1ticas que aumentam as chances de diagn\u00f3stico precoce e efic\u00e1cia no tratamento.<\/p>\n\n\n\n<p>O professor da FAACZ tamb\u00e9m ressaltou a import\u00e2ncia de a\u00e7\u00f5es como o \u201cZumba Rosa\u201d na forma\u00e7\u00e3o dos futuros enfermeiros: <em>\u201cParticipar de eventos de conscientiza\u00e7\u00e3o e atendimento \u00e0 comunidade oferece aos estudantes de Enfermagem uma experi\u00eancia pr\u00e1tica que vai al\u00e9m da teoria. Eles t\u00eam a oportunidade de interagir com a popula\u00e7\u00e3o, aplicar seus conhecimentos em um contexto real e desenvolver habilidades interpessoais fundamentais para a profiss\u00e3o\u201d.<\/em><\/p>\n\n\n\n<figure class=\"wp-block-gallery has-nested-images columns-default is-cropped wp-block-gallery-3 is-layout-flex wp-block-gallery-is-layout-flex\">\n<figure class=\"wp-block-image size-large\"><img loading=\"lazy\" decoding=\"async\" width=\"600\" height=\"450\" data-id=\"35614\" src=\"https:\/\/faacz.com.br\/portal\/wp-content\/uploads\/2024\/11\/foto_06_11_24_08.jpg\" alt=\"\" class=\"wp-image-35614\" srcset=\"https:\/\/faacz.com.br\/portal\/wp-content\/uploads\/2024\/11\/foto_06_11_24_08.jpg 600w, https:\/\/faacz.com.br\/portal\/wp-content\/uploads\/2024\/11\/foto_06_11_24_08-24x18.jpg 24w, https:\/\/faacz.com.br\/portal\/wp-content\/uploads\/2024\/11\/foto_06_11_24_08-36x27.jpg 36w, https:\/\/faacz.com.br\/portal\/wp-content\/uploads\/2024\/11\/foto_06_11_24_08-48x36.jpg 48w\" sizes=\"(max-width: 600px) 100vw, 600px\" \/><\/figure>\n\n\n\n<figure class=\"wp-block-image size-large\"><img loading=\"lazy\" decoding=\"async\" width=\"600\" height=\"450\" data-id=\"35615\" src=\"https:\/\/faacz.com.br\/portal\/wp-content\/uploads\/2024\/11\/foto_06_11_24_09.jpg\" alt=\"\" class=\"wp-image-35615\" srcset=\"https:\/\/faacz.com.br\/portal\/wp-content\/uploads\/2024\/11\/foto_06_11_24_09.jpg 600w, https:\/\/faacz.com.br\/portal\/wp-content\/uploads\/2024\/11\/foto_06_11_24_09-24x18.jpg 24w, https:\/\/faacz.com.br\/portal\/wp-content\/uploads\/2024\/11\/foto_06_11_24_09-36x27.jpg 36w, https:\/\/faacz.com.br\/portal\/wp-content\/uploads\/2024\/11\/foto_06_11_24_09-48x36.jpg 48w\" sizes=\"(max-width: 600px) 100vw, 600px\" \/><\/figure>\n\n\n\n<figure class=\"wp-block-image size-large\"><img loading=\"lazy\" decoding=\"async\" width=\"600\" height=\"450\" data-id=\"35616\" src=\"https:\/\/faacz.com.br\/portal\/wp-content\/uploads\/2024\/11\/foto_06_11_24_10.jpg\" alt=\"\" class=\"wp-image-35616\" srcset=\"https:\/\/faacz.com.br\/portal\/wp-content\/uploads\/2024\/11\/foto_06_11_24_10.jpg 600w, https:\/\/faacz.com.br\/portal\/wp-content\/uploads\/2024\/11\/foto_06_11_24_10-24x18.jpg 24w, https:\/\/faacz.com.br\/portal\/wp-content\/uploads\/2024\/11\/foto_06_11_24_10-36x27.jpg 36w, https:\/\/faacz.com.br\/portal\/wp-content\/uploads\/2024\/11\/foto_06_11_24_10-48x36.jpg 48w\" sizes=\"(max-width: 600px) 100vw, 600px\" \/><\/figure>\n<\/figure>\n\n\n\n<p>Para ele, o \u201cOutubro Rosa\u201d transcende uma campanha anual; \u00e9 um movimento de sa\u00fade p\u00fablica que amplia o acesso \u00e0 informa\u00e7\u00e3o e refor\u00e7a a preven\u00e7\u00e3o. <em>\u201cEssas a\u00e7\u00f5es permitem unir esfor\u00e7os em prol da sa\u00fade da mulher e aproximar nossos alunos das reais necessidades da comunidade. Trabalhando ao lado de profissionais experientes e atendendo mulheres de diversas idades, os acad\u00eamicos vivenciam a responsabilidade social da Enfermagem e a relev\u00e2ncia do cuidado preventivo e humanizado\u201d, <\/em>destacou Diniz.<\/p>\n\n\n\n<p>Assim, o \u201cZumba Rosa\u201d foi mais do que um evento de encerramento de campanha; foi um exemplo de como a integra\u00e7\u00e3o entre faculdade e comunidade fortalece a forma\u00e7\u00e3o dos futuros profissionais de Enfermagem, promovendo aprendizado pr\u00e1tico, empatia e um compromisso s\u00f3lido com o bem-estar coletivo.<\/p>\n\n\n\n<p><em><strong>Texto: Alessandro Bitti&nbsp;&nbsp;&nbsp;&nbsp;&nbsp;&nbsp;&nbsp;&nbsp;&nbsp;&nbsp;&nbsp;&nbsp;&nbsp;&nbsp;&nbsp;&nbsp;&nbsp;&nbsp;&nbsp;&nbsp;&nbsp;&nbsp;&nbsp;&nbsp;&nbsp;&nbsp;&nbsp;&nbsp;&nbsp;&nbsp;&nbsp;&nbsp;&nbsp;&nbsp;&nbsp;&nbsp;&nbsp;&nbsp;&nbsp;&nbsp;&nbsp;&nbsp;&nbsp;&nbsp;&nbsp;&nbsp;&nbsp;&nbsp;&nbsp;&nbsp;&nbsp;&nbsp;&nbsp;&nbsp;&nbsp;&nbsp;&nbsp;&nbsp;&nbsp;&nbsp;&nbsp;&nbsp;&nbsp;&nbsp;&nbsp;&nbsp;&nbsp;&nbsp;&nbsp;&nbsp;&nbsp;&nbsp;&nbsp;&nbsp;&nbsp;&nbsp;&nbsp;&nbsp;&nbsp;<\/strong><\/em><br><em>E-mail: comunicacao@fsjb.edu.br<\/em><em><br>alessandro@fsjb.edu.br<\/em><\/p>\n\n\n\n<p>Data da publica\u00e7\u00e3o: 06\/11\/2024<\/p>\n\n\n\n<p><\/p>\n","protected":false},"excerpt":{"rendered":"<p>No dia 31 de outubro de 2024, o curso de Enfermagem das Faculdades Integradas de Aracruz (FAACZ), a convite da Secretaria Municipal de Sa\u00fade (SEMSA), marcou presen\u00e7a no evento \u201cZumba Rosa \u2013 Dan\u00e7ando pela Vida\u201d. Promovido pela CRIARTE em parceria com o SEBRAE e a organiza\u00e7\u00e3o Amigos da Justi\u00e7a, o encontro, realizado na Pra\u00e7a da Paz, destacou a import\u00e2ncia da preven\u00e7\u00e3o e conscientiza\u00e7\u00e3o sobre o c\u00e2ncer de mama, encerrando as a\u00e7\u00f5es do \u201cOutubro Rosa\u201d em Aracruz. A programa\u00e7\u00e3o do \u201cZumba Rosa\u201d trouxe palestras informativas sobre preven\u00e7\u00e3o do c\u00e2ncer de mama, conduzidas por profissionais da Secretaria Municipal de Sa\u00fade, da Prefeitura de Aracruz, que abordaram pr\u00e1ticas de autocuidado e a import\u00e2ncia do diagn\u00f3stico precoce. Al\u00e9m disso, o evento incluiu atividades de dan\u00e7a e medita\u00e7\u00e3o, oferecendo um ambiente de acolhimento e apoio, enquanto incentivava o cuidado com a sa\u00fade f\u00edsica e emocional das participantes. No local, tamb\u00e9m foram oferecidos servi\u00e7os de sa\u00fade preventiva e diagn\u00f3stica, como testagem r\u00e1pida para Infec\u00e7\u00f5es Sexualmente Transmiss\u00edveis (ISTs), aferi\u00e7\u00e3o de press\u00e3o arterial e monitoramento de glicemia capilar. A equipe contou com 20 acad\u00eamicos de Enfermagem da FAACZ, sob supervis\u00e3o da preceptora, a enfermeira Elisangela Rodrigues Pereira e do coordenador do curso, professor Alan Diniz Ferreira. Juntos, eles atenderam mais de 100 mulheres, proporcionando aprendizado pr\u00e1tico e promovendo um v\u00ednculo significativo entre a faculdade e a comunidade local. O evento evidenciou o compromisso das institui\u00e7\u00f5es com o bem-estar da popula\u00e7\u00e3o feminina, refor\u00e7ando a conscientiza\u00e7\u00e3o sobre o c\u00e2ncer de mama e incentivando pr\u00e1ticas saud\u00e1veis que impactam positivamente a qualidade de vida. O \u201cZumba Rosa\u201d encerrou o m\u00eas com uma mensagem de esperan\u00e7a e conscientiza\u00e7\u00e3o, mostrando que a sa\u00fade pode ser promovida de forma leve e integrada, por meio do movimento e do apoio coletivo. Durante o evento, o professor Alan Diniz Ferreira destacou as principais medidas preventivas contra o c\u00e2ncer de mama e o c\u00e2ncer de colo de \u00fatero. \u201cA preven\u00e7\u00e3o do c\u00e2ncer de mama envolve o autoexame e a mamografia peri\u00f3dica a partir dos 40 anos ou conforme orienta\u00e7\u00e3o m\u00e9dica, al\u00e9m de uma rotina de h\u00e1bitos saud\u00e1veis, como dieta balanceada, pr\u00e1tica regular de atividade f\u00edsica e redu\u00e7\u00e3o do consumo de \u00e1lcool\u201d, afirmou ele. Sobre o c\u00e2ncer de colo de \u00fatero, enfatizou a vacina\u00e7\u00e3o contra o HPV e a realiza\u00e7\u00e3o anual do exame Papanicolau a partir dos 25 anos, pr\u00e1ticas que aumentam as chances de diagn\u00f3stico precoce e efic\u00e1cia no tratamento. O professor da FAACZ tamb\u00e9m ressaltou a import\u00e2ncia de a\u00e7\u00f5es como o \u201cZumba Rosa\u201d na forma\u00e7\u00e3o dos futuros enfermeiros: \u201cParticipar de eventos de conscientiza\u00e7\u00e3o e atendimento \u00e0 comunidade oferece aos estudantes de Enfermagem uma experi\u00eancia pr\u00e1tica que vai al\u00e9m da teoria. Eles t\u00eam a oportunidade de interagir com a popula\u00e7\u00e3o, aplicar seus conhecimentos em um contexto real e desenvolver habilidades interpessoais fundamentais para a profiss\u00e3o\u201d. Para ele, o \u201cOutubro Rosa\u201d transcende uma campanha anual; \u00e9 um movimento de sa\u00fade p\u00fablica que amplia o acesso \u00e0 informa\u00e7\u00e3o e refor\u00e7a a preven\u00e7\u00e3o. \u201cEssas a\u00e7\u00f5es permitem unir esfor\u00e7os em prol da sa\u00fade da mulher e aproximar nossos alunos das reais necessidades da comunidade. Trabalhando ao lado de profissionais experientes e atendendo mulheres de diversas idades, os acad\u00eamicos vivenciam a responsabilidade social da Enfermagem e a relev\u00e2ncia do cuidado preventivo e humanizado\u201d, destacou Diniz. Assim, o \u201cZumba Rosa\u201d foi mais do que um evento de encerramento de campanha; foi um exemplo de como a integra\u00e7\u00e3o entre faculdade e comunidade fortalece a forma\u00e7\u00e3o dos futuros profissionais de Enfermagem, promovendo aprendizado pr\u00e1tico, empatia e um compromisso s\u00f3lido com o bem-estar coletivo. Texto: Alessandro Bitti&nbsp;&nbsp;&nbsp;&nbsp;&nbsp;&nbsp;&nbsp;&nbsp;&nbsp;&nbsp;&nbsp;&nbsp;&nbsp;&nbsp;&nbsp;&nbsp;&nbsp;&nbsp;&nbsp;&nbsp;&nbsp;&nbsp;&nbsp;&nbsp;&nbsp;&nbsp;&nbsp;&nbsp;&nbsp;&nbsp;&nbsp;&nbsp;&nbsp;&nbsp;&nbsp;&nbsp;&nbsp;&nbsp;&nbsp;&nbsp;&nbsp;&nbsp;&nbsp;&nbsp;&nbsp;&nbsp;&nbsp;&nbsp;&nbsp;&nbsp;&nbsp;&nbsp;&nbsp;&nbsp;&nbsp;&nbsp;&nbsp;&nbsp;&nbsp;&nbsp;&nbsp;&nbsp;&nbsp;&nbsp;&nbsp;&nbsp;&nbsp;&nbsp;&nbsp;&nbsp;&nbsp;&nbsp;&nbsp;&nbsp;&nbsp;&nbsp;&nbsp;&nbsp;&nbsp;E-mail: comunicacao@fsjb.edu.bralessandro@fsjb.edu.br Data da publica\u00e7\u00e3o: 06\/11\/2024<\/p>\n","protected":false},"author":2,"featured_media":35607,"comment_status":"closed","ping_status":"closed","sticky":false,"template":"","format":"standard","meta":{"om_disable_all_campaigns":false,"_exactmetrics_skip_tracking":false,"_exactmetrics_sitenote_active":false,"_exactmetrics_sitenote_note":"","_exactmetrics_sitenote_category":0,"_monsterinsights_skip_tracking":false,"_monsterinsights_sitenote_active":false,"_monsterinsights_sitenote_note":"","_monsterinsights_sitenote_category":0,"footnotes":""},"categories":[171],"tags":[],"class_list":["post-35606","post","type-post","status-publish","format-standard","has-post-thumbnail","hentry","category-enfermagem"],"aioseo_notices":[],"_links":{"self":[{"href":"https:\/\/faacz.com.br\/portal\/wp-json\/wp\/v2\/posts\/35606"}],"collection":[{"href":"https:\/\/faacz.com.br\/portal\/wp-json\/wp\/v2\/posts"}],"about":[{"href":"https:\/\/faacz.com.br\/portal\/wp-json\/wp\/v2\/types\/post"}],"author":[{"embeddable":true,"href":"https:\/\/faacz.com.br\/portal\/wp-json\/wp\/v2\/users\/2"}],"replies":[{"embeddable":true,"href":"https:\/\/faacz.com.br\/portal\/wp-json\/wp\/v2\/comments?post=35606"}],"version-history":[{"count":1,"href":"https:\/\/faacz.com.br\/portal\/wp-json\/wp\/v2\/posts\/35606\/revisions"}],"predecessor-version":[{"id":35617,"href":"https:\/\/faacz.com.br\/portal\/wp-json\/wp\/v2\/posts\/35606\/revisions\/35617"}],"wp:featuredmedia":[{"embeddable":true,"href":"https:\/\/faacz.com.br\/portal\/wp-json\/wp\/v2\/media\/35607"}],"wp:attachment":[{"href":"https:\/\/faacz.com.br\/portal\/wp-json\/wp\/v2\/media?parent=35606"}],"wp:term":[{"taxonomy":"category","embeddable":true,"href":"https:\/\/faacz.com.br\/portal\/wp-json\/wp\/v2\/categories?post=35606"},{"taxonomy":"post_tag","embeddable":true,"href":"https:\/\/faacz.com.br\/portal\/wp-json\/wp\/v2\/tags?post=35606"}],"curies":[{"name":"wp","href":"https:\/\/api.w.org\/{rel}","templated":true}]}}