{"id":33890,"date":"2024-02-09T17:23:39","date_gmt":"2024-02-09T20:23:39","guid":{"rendered":"https:\/\/faacz.com.br\/portal\/veteranos-da-faacz-comecam-as-aulas-com-atividades-integradoras-e-momento-musical\/"},"modified":"2024-10-27T12:22:17","modified_gmt":"2024-10-27T15:22:17","slug":"veteranos-da-faacz-comecam-as-aulas-com-atividades-integradoras-e-momento-musical","status":"publish","type":"post","link":"https:\/\/faacz.com.br\/portal\/veteranos-da-faacz-comecam-as-aulas-com-atividades-integradoras-e-momento-musical\/","title":{"rendered":"Veteranos da FAACZ come\u00e7am as aulas com atividades integradoras e momento musical"},"content":{"rendered":"<figure id=\"attachment_20698\" aria-describedby=\"caption-attachment-20698\" style=\"width: 600px\" class=\"wp-caption aligncenter\"><img fetchpriority=\"high\" decoding=\"async\" class=\"size-full wp-image-20698\" src=\"https:\/\/faacz.com.br\/portal\/wp-content\/uploads\/2024\/10\/foto_09_02_24_01.jpg\" alt=\"\" width=\"600\" height=\"450\" \/><figcaption id=\"caption-attachment-20698\" class=\"wp-caption-text\">Fotos: Alessandro Bitti<\/figcaption><\/figure>\n<p>As aulas presenciais para os veteranos dos cursos de gradua\u00e7\u00e3o da<a href=\"https:\/\/faacz.kedu.srv.br\/\" target=\"_blank\" rel=\"noopener noreferrer\"><strong> FAACZ <\/strong><\/a>iniciaram-se no \u00faltimo dia 05, com uma recep\u00e7\u00e3o marcada por um momento musical e atividades integradoras. A faculdade organizou, na tenda localizada no p\u00e1tio principal, um evento protagonizado por Bernardo Caliman (Instagram Oficial <a href=\"https:\/\/www.instagram.com\/bernardocaliman\/\" target=\"_blank\" rel=\"noopener noreferrer\"><strong>@bernardocaliman<\/strong><\/a>), aluno do 5\u00ba Ano \u201cA\u201d do <a href=\"http:\/\/www.cearacruz.com.br\/portal\/\" target=\"_blank\" rel=\"noopener noreferrer\"><strong>Centro Educacional de Aracruz (CEA)<\/strong><\/a> e participante do The Voice Kids 2023 da Rede Globo.<\/p>\n<p>&nbsp;<\/p>\n<p>Bernardo, acompanhado de seu pai, Bruno Caliman, no viol\u00e3o, encantou a plateia com sucessos do sertanejo universit\u00e1rio e da MPB, enquanto sua m\u00e3e, Ludmila Morais, prestigiava na plateia. Al\u00e9m da apresenta\u00e7\u00e3o musical, os coordenadores, professores e gestores da institui\u00e7\u00e3o de ensino estiveram presentes para recepcionar os universit\u00e1rios no novo ano letivo.<\/p>\n<p>&nbsp;<\/p>\n<p>Entre os presentes estavam a presidente da <a href=\"http:\/\/fsjb.edu.br\/portal\/\" target=\"_blank\" rel=\"noopener noreferrer\"><strong>Funda\u00e7\u00e3o S\u00e3o Jo\u00e3o Batista (FSJB),<\/strong><\/a> Celi Cabral, a diretora acad\u00eamica, prof.\u00aa Dr.\u00aa Adriana Recla Sarcinelli, o diretor executivo da FSJB, prof. M\u00e9riton Soares da Silva e o diretor comercial da FSJB, prof. Wellington Lozer Giacomin.<\/p>\n<div id='gallery-1' class='gallery galleryid-33890 gallery-columns-3 gallery-size-medium'><figure class='gallery-item'>\n\t\t\t<div class='gallery-icon landscape'>\n\t\t\t\t<a href='https:\/\/faacz.com.br\/portal\/veteranos-da-faacz-comecam-as-aulas-com-atividades-integradoras-e-momento-musical\/foto_09_02_24_02-2\/'><img decoding=\"async\" width=\"600\" height=\"450\" src=\"https:\/\/faacz.com.br\/portal\/wp-content\/uploads\/2024\/10\/foto_09_02_24_02.jpg\" class=\"attachment-medium size-medium\" alt=\"\" srcset=\"https:\/\/faacz.com.br\/portal\/wp-content\/uploads\/2024\/10\/foto_09_02_24_02.jpg 600w, https:\/\/faacz.com.br\/portal\/wp-content\/uploads\/2024\/10\/foto_09_02_24_02-24x18.jpg 24w, https:\/\/faacz.com.br\/portal\/wp-content\/uploads\/2024\/10\/foto_09_02_24_02-36x27.jpg 36w, https:\/\/faacz.com.br\/portal\/wp-content\/uploads\/2024\/10\/foto_09_02_24_02-48x36.jpg 48w\" sizes=\"(max-width: 600px) 100vw, 600px\" \/><\/a>\n\t\t\t<\/div><\/figure><figure class='gallery-item'>\n\t\t\t<div class='gallery-icon landscape'>\n\t\t\t\t<a href='https:\/\/faacz.com.br\/portal\/veteranos-da-faacz-comecam-as-aulas-com-atividades-integradoras-e-momento-musical\/foto_09_02_24_03-2\/'><img decoding=\"async\" width=\"600\" height=\"450\" src=\"https:\/\/faacz.com.br\/portal\/wp-content\/uploads\/2024\/10\/foto_09_02_24_03.jpg\" class=\"attachment-medium size-medium\" alt=\"\" srcset=\"https:\/\/faacz.com.br\/portal\/wp-content\/uploads\/2024\/10\/foto_09_02_24_03.jpg 600w, https:\/\/faacz.com.br\/portal\/wp-content\/uploads\/2024\/10\/foto_09_02_24_03-24x18.jpg 24w, https:\/\/faacz.com.br\/portal\/wp-content\/uploads\/2024\/10\/foto_09_02_24_03-36x27.jpg 36w, https:\/\/faacz.com.br\/portal\/wp-content\/uploads\/2024\/10\/foto_09_02_24_03-48x36.jpg 48w\" sizes=\"(max-width: 600px) 100vw, 600px\" \/><\/a>\n\t\t\t<\/div><\/figure><figure class='gallery-item'>\n\t\t\t<div class='gallery-icon landscape'>\n\t\t\t\t<a href='https:\/\/faacz.com.br\/portal\/veteranos-da-faacz-comecam-as-aulas-com-atividades-integradoras-e-momento-musical\/foto_09_02_24_04-2\/'><img loading=\"lazy\" decoding=\"async\" width=\"600\" height=\"450\" src=\"https:\/\/faacz.com.br\/portal\/wp-content\/uploads\/2024\/10\/foto_09_02_24_04.jpg\" class=\"attachment-medium size-medium\" alt=\"\" srcset=\"https:\/\/faacz.com.br\/portal\/wp-content\/uploads\/2024\/10\/foto_09_02_24_04.jpg 600w, https:\/\/faacz.com.br\/portal\/wp-content\/uploads\/2024\/10\/foto_09_02_24_04-24x18.jpg 24w, https:\/\/faacz.com.br\/portal\/wp-content\/uploads\/2024\/10\/foto_09_02_24_04-36x27.jpg 36w, https:\/\/faacz.com.br\/portal\/wp-content\/uploads\/2024\/10\/foto_09_02_24_04-48x36.jpg 48w\" sizes=\"(max-width: 600px) 100vw, 600px\" \/><\/a>\n\t\t\t<\/div><\/figure>\n\t\t<\/div>\n\n<p>Ap\u00f3s o momento musical, os universit\u00e1rios foram direcionados para seus respectivos pr\u00e9dios e salas de aula, onde tiveram a oportunidade de se encontrar com seus professores e coordenadores de curso. Cada coordenador organizou atividades espec\u00edficas para dar as boas-vindas aos estudantes e marcar o in\u00edcio do ano letivo de 2024.<\/p>\n<p>&nbsp;<\/p>\n<p>Para os cursos de <a href=\"https:\/\/faacz.kedu.srv.br\/graduacao\/cursos\/administracao\/\" target=\"_blank\" rel=\"noopener noreferrer\"><strong>Administra\u00e7\u00e3o<\/strong><\/a> e <a href=\"https:\/\/faacz.kedu.srv.br\/graduacao\/cursos\/ciencias-contabeis\/\" target=\"_blank\" rel=\"noopener noreferrer\"><strong>Ci\u00eancias Cont\u00e1beis,<\/strong> <\/a>foram realizadas din\u00e2micas de grupo visando valorizar o ser humano e trabalhar quest\u00f5es motivacionais. O coordenador dos cursos, prof. Robson Moro Aioffi, e os docentes participaram ativamente dessas atividades.<\/p>\n<p>&nbsp;<\/p>\n<p>J\u00e1 os alunos do curso de <a href=\"https:\/\/faacz.kedu.srv.br\/graduacao\/cursos\/psicologia\/\" target=\"_blank\" rel=\"noopener noreferrer\"><strong>Psicologia<\/strong><\/a> foram envolvidos em atividades integradas, promovendo intera\u00e7\u00e3o entre as turmas. As professoras, J\u00falia Carvalho dos Santos e Danielle Guss Andrade, conduziram uma rodada de apresenta\u00e7\u00f5es, explorando o significado da Psicologia para os estudantes dos 3\u00ba e 5\u00ba per\u00edodos a partir da seguinte provoca\u00e7\u00e3o: \u201cQual o sentido a Psicologia tem feito para mim?\u201d.<\/p>\n<div id='gallery-2' class='gallery galleryid-33890 gallery-columns-3 gallery-size-medium'><figure class='gallery-item'>\n\t\t\t<div class='gallery-icon landscape'>\n\t\t\t\t<a href='https:\/\/faacz.com.br\/portal\/veteranos-da-faacz-comecam-as-aulas-com-atividades-integradoras-e-momento-musical\/foto_09_02_24_05-2\/'><img loading=\"lazy\" decoding=\"async\" width=\"600\" height=\"450\" src=\"https:\/\/faacz.com.br\/portal\/wp-content\/uploads\/2024\/10\/foto_09_02_24_05.jpg\" class=\"attachment-medium size-medium\" alt=\"\" srcset=\"https:\/\/faacz.com.br\/portal\/wp-content\/uploads\/2024\/10\/foto_09_02_24_05.jpg 600w, https:\/\/faacz.com.br\/portal\/wp-content\/uploads\/2024\/10\/foto_09_02_24_05-24x18.jpg 24w, https:\/\/faacz.com.br\/portal\/wp-content\/uploads\/2024\/10\/foto_09_02_24_05-36x27.jpg 36w, https:\/\/faacz.com.br\/portal\/wp-content\/uploads\/2024\/10\/foto_09_02_24_05-48x36.jpg 48w\" sizes=\"(max-width: 600px) 100vw, 600px\" \/><\/a>\n\t\t\t<\/div><\/figure><figure class='gallery-item'>\n\t\t\t<div class='gallery-icon landscape'>\n\t\t\t\t<a href='https:\/\/faacz.com.br\/portal\/veteranos-da-faacz-comecam-as-aulas-com-atividades-integradoras-e-momento-musical\/foto_09_02_24_06-2\/'><img loading=\"lazy\" decoding=\"async\" width=\"600\" height=\"450\" src=\"https:\/\/faacz.com.br\/portal\/wp-content\/uploads\/2024\/10\/foto_09_02_24_06.jpg\" class=\"attachment-medium size-medium\" alt=\"\" srcset=\"https:\/\/faacz.com.br\/portal\/wp-content\/uploads\/2024\/10\/foto_09_02_24_06.jpg 600w, https:\/\/faacz.com.br\/portal\/wp-content\/uploads\/2024\/10\/foto_09_02_24_06-24x18.jpg 24w, https:\/\/faacz.com.br\/portal\/wp-content\/uploads\/2024\/10\/foto_09_02_24_06-36x27.jpg 36w, https:\/\/faacz.com.br\/portal\/wp-content\/uploads\/2024\/10\/foto_09_02_24_06-48x36.jpg 48w\" sizes=\"(max-width: 600px) 100vw, 600px\" \/><\/a>\n\t\t\t<\/div><\/figure><figure class='gallery-item'>\n\t\t\t<div class='gallery-icon landscape'>\n\t\t\t\t<a href='https:\/\/faacz.com.br\/portal\/veteranos-da-faacz-comecam-as-aulas-com-atividades-integradoras-e-momento-musical\/foto_09_02_24_07-2\/'><img loading=\"lazy\" decoding=\"async\" width=\"600\" height=\"450\" src=\"https:\/\/faacz.com.br\/portal\/wp-content\/uploads\/2024\/10\/foto_09_02_24_07.jpg\" class=\"attachment-medium size-medium\" alt=\"\" srcset=\"https:\/\/faacz.com.br\/portal\/wp-content\/uploads\/2024\/10\/foto_09_02_24_07.jpg 600w, https:\/\/faacz.com.br\/portal\/wp-content\/uploads\/2024\/10\/foto_09_02_24_07-24x18.jpg 24w, https:\/\/faacz.com.br\/portal\/wp-content\/uploads\/2024\/10\/foto_09_02_24_07-36x27.jpg 36w, https:\/\/faacz.com.br\/portal\/wp-content\/uploads\/2024\/10\/foto_09_02_24_07-48x36.jpg 48w\" sizes=\"(max-width: 600px) 100vw, 600px\" \/><\/a>\n\t\t\t<\/div><\/figure>\n\t\t<\/div>\n\n<p>Os estudantes dos 7\u00ba e 9\u00ba per\u00edodos do curso de Psicologia tamb\u00e9m participaram de um momento conduzido pelas professoras, Marta Rossoni e Jallana Rios Matos, com o intuito de identificarem as potencialidades e desenvolvimento proporcionado pelo percurso formativo em Psicologia.<\/p>\n<p>&nbsp;<\/p>\n<p>Para os veteranos de <a href=\"https:\/\/faacz.kedu.srv.br\/graduacao\/cursos\/enfermagem\/\" target=\"_blank\" rel=\"noopener noreferrer\"><strong>Enfermagem,<\/strong><\/a> o prof. Marcos Halasz passou orienta\u00e7\u00f5es gerais sobre o curso. As preceptoras, Sheila da Penha Moraes Santos, Sabrina Maria Batista do Nascimento e Elisangela Rodrigues Pereira conversaram sobre o est\u00e1gio com os universit\u00e1rios, marcando a primeira reuni\u00e3o de alinhamento, que aconteceu no \u00faltimo dia, 07 de fevereiro.<\/p>\n<p>&nbsp;<\/p>\n<p>Logo depois, os professores Alan Diniz Ferreira, Layla Mendon\u00e7a L\u00edrio e Lanna Clicia Carrijo realizaram uma roda de conversa sobre \u201cInova\u00e7\u00e3o e pesquisa em sa\u00fade: Da teoria \u00e0 pr\u00e1tica\u201d.\u00a0 Durante o bate-papo, os acad\u00eamicos de Enfermagem foram instigados pelos docentes da FAACZ a pensarem na import\u00e2ncia da pesquisa em sa\u00fade, bem como a entenderem o que \u00e9 uma inova\u00e7\u00e3o em sa\u00fade e sua rela\u00e7\u00e3o com a pesquisa.<\/p>\n<div id='gallery-3' class='gallery galleryid-33890 gallery-columns-3 gallery-size-medium'><figure class='gallery-item'>\n\t\t\t<div class='gallery-icon landscape'>\n\t\t\t\t<a href='https:\/\/faacz.com.br\/portal\/veteranos-da-faacz-comecam-as-aulas-com-atividades-integradoras-e-momento-musical\/foto_09_02_24_08-2\/'><img loading=\"lazy\" decoding=\"async\" width=\"600\" height=\"450\" src=\"https:\/\/faacz.com.br\/portal\/wp-content\/uploads\/2024\/10\/foto_09_02_24_08.jpg\" class=\"attachment-medium size-medium\" alt=\"\" srcset=\"https:\/\/faacz.com.br\/portal\/wp-content\/uploads\/2024\/10\/foto_09_02_24_08.jpg 600w, https:\/\/faacz.com.br\/portal\/wp-content\/uploads\/2024\/10\/foto_09_02_24_08-24x18.jpg 24w, https:\/\/faacz.com.br\/portal\/wp-content\/uploads\/2024\/10\/foto_09_02_24_08-36x27.jpg 36w, https:\/\/faacz.com.br\/portal\/wp-content\/uploads\/2024\/10\/foto_09_02_24_08-48x36.jpg 48w\" sizes=\"(max-width: 600px) 100vw, 600px\" \/><\/a>\n\t\t\t<\/div><\/figure><figure class='gallery-item'>\n\t\t\t<div class='gallery-icon landscape'>\n\t\t\t\t<a href='https:\/\/faacz.com.br\/portal\/veteranos-da-faacz-comecam-as-aulas-com-atividades-integradoras-e-momento-musical\/foto_09_02_24_09-2\/'><img loading=\"lazy\" decoding=\"async\" width=\"600\" height=\"450\" src=\"https:\/\/faacz.com.br\/portal\/wp-content\/uploads\/2024\/10\/foto_09_02_24_09.jpg\" class=\"attachment-medium size-medium\" alt=\"\" srcset=\"https:\/\/faacz.com.br\/portal\/wp-content\/uploads\/2024\/10\/foto_09_02_24_09.jpg 600w, https:\/\/faacz.com.br\/portal\/wp-content\/uploads\/2024\/10\/foto_09_02_24_09-24x18.jpg 24w, https:\/\/faacz.com.br\/portal\/wp-content\/uploads\/2024\/10\/foto_09_02_24_09-36x27.jpg 36w, https:\/\/faacz.com.br\/portal\/wp-content\/uploads\/2024\/10\/foto_09_02_24_09-48x36.jpg 48w\" sizes=\"(max-width: 600px) 100vw, 600px\" \/><\/a>\n\t\t\t<\/div><\/figure><figure class='gallery-item'>\n\t\t\t<div class='gallery-icon landscape'>\n\t\t\t\t<a href='https:\/\/faacz.com.br\/portal\/veteranos-da-faacz-comecam-as-aulas-com-atividades-integradoras-e-momento-musical\/foto_09_02_24_10-2\/'><img loading=\"lazy\" decoding=\"async\" width=\"600\" height=\"450\" src=\"https:\/\/faacz.com.br\/portal\/wp-content\/uploads\/2024\/10\/foto_09_02_24_10.jpg\" class=\"attachment-medium size-medium\" alt=\"\" srcset=\"https:\/\/faacz.com.br\/portal\/wp-content\/uploads\/2024\/10\/foto_09_02_24_10.jpg 600w, https:\/\/faacz.com.br\/portal\/wp-content\/uploads\/2024\/10\/foto_09_02_24_10-24x18.jpg 24w, https:\/\/faacz.com.br\/portal\/wp-content\/uploads\/2024\/10\/foto_09_02_24_10-36x27.jpg 36w, https:\/\/faacz.com.br\/portal\/wp-content\/uploads\/2024\/10\/foto_09_02_24_10-48x36.jpg 48w\" sizes=\"(max-width: 600px) 100vw, 600px\" \/><\/a>\n\t\t\t<\/div><\/figure>\n\t\t<\/div>\n\n<p>A <a href=\"https:\/\/faacz.kedu.srv.br\/graduacao\/cursos\/engenharia-mecanica\/\" target=\"_blank\" rel=\"noopener noreferrer\"><strong>Engenharia Mec\u00e2nica<\/strong><\/a> teve dois momentos especiais, com o coordenador dos cursos de Engenharia, prof. Harerton Dourado, apresentando as atividades planejadas para o semestre e o prof. Hip\u00f3lito Jos\u00e9 da Silva Gon\u00e7alves Meira ministrando a aula inaugural, incentivando os alunos a estabelecerem metas e como estrutur\u00e1-las para atingir um objetivo.<\/p>\n<p>&nbsp;<\/p>\n<p>Esse momento teve como foco estimular os alunos do curso de Engenharia Mec\u00e2nica a aplicarem essa t\u00e9cnica em qualquer contexto da vida profissional e pessoal. No dia 06 de fevereiro, o prof. Marcos Halasz tamb\u00e9m discutiu com os universit\u00e1rios sobre a atua\u00e7\u00e3o do engenheiro como perito, uma \u00e1rea que apresenta muitos desafios e oportunidades e que nem sempre \u00e9 percebida como uma alternativa pelos profissionais de Engenharia.<\/p>\n<p>&nbsp;<\/p>\n<p>O curso de <a href=\"https:\/\/faacz.kedu.srv.br\/graduacao\/cursos\/curso-de-direito\/\" target=\"_blank\" rel=\"noopener noreferrer\"><strong>Direito<\/strong><\/a> promoveu uma atividade instigante para os veteranos do 9\u00ba per\u00edodo, conduzida pelo professor Alexsandro Broetto, que discutiram e defenderam casos concretos baseados no livro \u201cJusti\u00e7a: o que \u00e9 fazer a coisa certa\u201d de Michael Sandel, professor de Direito e Filosofia da Universidade de Harvard. A atividade proporcionou nos universit\u00e1rios reflex\u00f5es sobre individualismo, coletivismo e Direito Ambiental.<\/p>\n<p>&nbsp;<\/p>\n<p>Com atividades diversificadas e momentos marcantes, a FAACZ deu in\u00edcio a mais um ano letivo, promovendo n\u00e3o apenas o aprendizado universit\u00e1rio, mas tamb\u00e9m o desenvolvimento pessoal e a integra\u00e7\u00e3o entre os estudantes. Com um in\u00edcio animador, a FAACZ d\u00e1 as boas-vindas aos veteranos e promete um 2024 repleto de aprendizado e crescimento acad\u00eamico.<\/p>\n<p>&nbsp;<\/p>\n<p><em><strong>Texto: Alessandro Bitti<\/strong><\/em><strong><br \/>\n<\/strong><em>E-mail: comunicacao@fsjb.edu.br<\/em><em><br \/>\nalessandro@fsjb.edu.br<\/em><\/p>\n<p><em>\u00a0<\/em><\/p>\n<p>Data da publica\u00e7\u00e3o: 09\/02\/2024<\/p>\n","protected":false},"excerpt":{"rendered":"<p>As aulas presenciais para os veteranos dos cursos de gradua\u00e7\u00e3o da FAACZ iniciaram-se no \u00faltimo dia 05, com uma recep\u00e7\u00e3o marcada por um momento musical e atividades integradoras. A faculdade organizou, na tenda localizada no p\u00e1tio principal, um evento protagonizado por Bernardo Caliman (Instagram Oficial @bernardocaliman), aluno do 5\u00ba Ano \u201cA\u201d do Centro Educacional de Aracruz (CEA) e participante do The Voice Kids 2023 da Rede Globo. &nbsp; Bernardo, acompanhado de seu pai, Bruno Caliman, no viol\u00e3o, encantou a plateia com sucessos do sertanejo universit\u00e1rio e da MPB, enquanto sua m\u00e3e, Ludmila Morais, prestigiava na plateia. Al\u00e9m da apresenta\u00e7\u00e3o musical, os coordenadores, professores e gestores da institui\u00e7\u00e3o de ensino estiveram presentes para recepcionar os universit\u00e1rios no novo ano letivo. &nbsp; Entre os presentes estavam a presidente da Funda\u00e7\u00e3o S\u00e3o Jo\u00e3o Batista (FSJB), Celi Cabral, a diretora acad\u00eamica, prof.\u00aa Dr.\u00aa Adriana Recla Sarcinelli, o diretor executivo da FSJB, prof. M\u00e9riton Soares da Silva e o diretor comercial da FSJB, prof. Wellington Lozer Giacomin. Ap\u00f3s o momento musical, os universit\u00e1rios foram direcionados para seus respectivos pr\u00e9dios e salas de aula, onde tiveram a oportunidade de se encontrar com seus professores e coordenadores de curso. Cada coordenador organizou atividades espec\u00edficas para dar as boas-vindas aos estudantes e marcar o in\u00edcio do ano letivo de 2024. &nbsp; Para os cursos de Administra\u00e7\u00e3o e Ci\u00eancias Cont\u00e1beis, foram realizadas din\u00e2micas de grupo visando valorizar o ser humano e trabalhar quest\u00f5es motivacionais. O coordenador dos cursos, prof. Robson Moro Aioffi, e os docentes participaram ativamente dessas atividades. &nbsp; J\u00e1 os alunos do curso de Psicologia foram envolvidos em atividades integradas, promovendo intera\u00e7\u00e3o entre as turmas. As professoras, J\u00falia Carvalho dos Santos e Danielle Guss Andrade, conduziram uma rodada de apresenta\u00e7\u00f5es, explorando o significado da Psicologia para os estudantes dos 3\u00ba e 5\u00ba per\u00edodos a partir da seguinte provoca\u00e7\u00e3o: \u201cQual o sentido a Psicologia tem feito para mim?\u201d. Os estudantes dos 7\u00ba e 9\u00ba per\u00edodos do curso de Psicologia tamb\u00e9m participaram de um momento conduzido pelas professoras, Marta Rossoni e Jallana Rios Matos, com o intuito de identificarem as potencialidades e desenvolvimento proporcionado pelo percurso formativo em Psicologia. &nbsp; Para os veteranos de Enfermagem, o prof. Marcos Halasz passou orienta\u00e7\u00f5es gerais sobre o curso. As preceptoras, Sheila da Penha Moraes Santos, Sabrina Maria Batista do Nascimento e Elisangela Rodrigues Pereira conversaram sobre o est\u00e1gio com os universit\u00e1rios, marcando a primeira reuni\u00e3o de alinhamento, que aconteceu no \u00faltimo dia, 07 de fevereiro. &nbsp; Logo depois, os professores Alan Diniz Ferreira, Layla Mendon\u00e7a L\u00edrio e Lanna Clicia Carrijo realizaram uma roda de conversa sobre \u201cInova\u00e7\u00e3o e pesquisa em sa\u00fade: Da teoria \u00e0 pr\u00e1tica\u201d.\u00a0 Durante o bate-papo, os acad\u00eamicos de Enfermagem foram instigados pelos docentes da FAACZ a pensarem na import\u00e2ncia da pesquisa em sa\u00fade, bem como a entenderem o que \u00e9 uma inova\u00e7\u00e3o em sa\u00fade e sua rela\u00e7\u00e3o com a pesquisa. A Engenharia Mec\u00e2nica teve dois momentos especiais, com o coordenador dos cursos de Engenharia, prof. Harerton Dourado, apresentando as atividades planejadas para o semestre e o prof. Hip\u00f3lito Jos\u00e9 da Silva Gon\u00e7alves Meira ministrando a aula inaugural, incentivando os alunos a estabelecerem metas e como estrutur\u00e1-las para atingir um objetivo. &nbsp; Esse momento teve como foco estimular os alunos do curso de Engenharia Mec\u00e2nica a aplicarem essa t\u00e9cnica em qualquer contexto da vida profissional e pessoal. No dia 06 de fevereiro, o prof. Marcos Halasz tamb\u00e9m discutiu com os universit\u00e1rios sobre a atua\u00e7\u00e3o do engenheiro como perito, uma \u00e1rea que apresenta muitos desafios e oportunidades e que nem sempre \u00e9 percebida como uma alternativa pelos profissionais de Engenharia. &nbsp; O curso de Direito promoveu uma atividade instigante para os veteranos do 9\u00ba per\u00edodo, conduzida pelo professor Alexsandro Broetto, que discutiram e defenderam casos concretos baseados no livro \u201cJusti\u00e7a: o que \u00e9 fazer a coisa certa\u201d de Michael Sandel, professor de Direito e Filosofia da Universidade de Harvard. A atividade proporcionou nos universit\u00e1rios reflex\u00f5es sobre individualismo, coletivismo e Direito Ambiental. &nbsp; Com atividades diversificadas e momentos marcantes, a FAACZ deu in\u00edcio a mais um ano letivo, promovendo n\u00e3o apenas o aprendizado universit\u00e1rio, mas tamb\u00e9m o desenvolvimento pessoal e a integra\u00e7\u00e3o entre os estudantes. Com um in\u00edcio animador, a FAACZ d\u00e1 as boas-vindas aos veteranos e promete um 2024 repleto de aprendizado e crescimento acad\u00eamico. &nbsp; Texto: Alessandro Bitti E-mail: comunicacao@fsjb.edu.br alessandro@fsjb.edu.br \u00a0 Data da publica\u00e7\u00e3o: 09\/02\/2024<\/p>\n","protected":false},"author":2,"featured_media":33901,"comment_status":"open","ping_status":"open","sticky":false,"template":"","format":"standard","meta":{"om_disable_all_campaigns":false,"_exactmetrics_skip_tracking":false,"_exactmetrics_sitenote_active":false,"_exactmetrics_sitenote_note":"","_exactmetrics_sitenote_category":0,"_monsterinsights_skip_tracking":false,"_monsterinsights_sitenote_active":false,"_monsterinsights_sitenote_note":"","_monsterinsights_sitenote_category":0,"footnotes":""},"categories":[34],"tags":[],"class_list":["post-33890","post","type-post","status-publish","format-standard","has-post-thumbnail","hentry","category-faacz"],"aioseo_notices":[],"_links":{"self":[{"href":"https:\/\/faacz.com.br\/portal\/wp-json\/wp\/v2\/posts\/33890"}],"collection":[{"href":"https:\/\/faacz.com.br\/portal\/wp-json\/wp\/v2\/posts"}],"about":[{"href":"https:\/\/faacz.com.br\/portal\/wp-json\/wp\/v2\/types\/post"}],"author":[{"embeddable":true,"href":"https:\/\/faacz.com.br\/portal\/wp-json\/wp\/v2\/users\/2"}],"replies":[{"embeddable":true,"href":"https:\/\/faacz.com.br\/portal\/wp-json\/wp\/v2\/comments?post=33890"}],"version-history":[{"count":2,"href":"https:\/\/faacz.com.br\/portal\/wp-json\/wp\/v2\/posts\/33890\/revisions"}],"predecessor-version":[{"id":33902,"href":"https:\/\/faacz.com.br\/portal\/wp-json\/wp\/v2\/posts\/33890\/revisions\/33902"}],"wp:featuredmedia":[{"embeddable":true,"href":"https:\/\/faacz.com.br\/portal\/wp-json\/wp\/v2\/media\/33901"}],"wp:attachment":[{"href":"https:\/\/faacz.com.br\/portal\/wp-json\/wp\/v2\/media?parent=33890"}],"wp:term":[{"taxonomy":"category","embeddable":true,"href":"https:\/\/faacz.com.br\/portal\/wp-json\/wp\/v2\/categories?post=33890"},{"taxonomy":"post_tag","embeddable":true,"href":"https:\/\/faacz.com.br\/portal\/wp-json\/wp\/v2\/tags?post=33890"}],"curies":[{"name":"wp","href":"https:\/\/api.w.org\/{rel}","templated":true}]}}