{"id":31820,"date":"2023-04-06T15:31:45","date_gmt":"2023-04-06T18:31:45","guid":{"rendered":"https:\/\/faacz.com.br\/portal\/vem-ai-o-i-encontro-regional-sobre-o-tea\/"},"modified":"2024-10-27T12:01:07","modified_gmt":"2024-10-27T15:01:07","slug":"vem-ai-o-i-encontro-regional-sobre-o-tea","status":"publish","type":"post","link":"https:\/\/faacz.com.br\/portal\/vem-ai-o-i-encontro-regional-sobre-o-tea\/","title":{"rendered":"Vem a\u00ed o I Encontro Regional sobre o TEA"},"content":{"rendered":"<figure id=\"attachment_18050\" aria-describedby=\"caption-attachment-18050\" style=\"width: 600px\" class=\"wp-caption aligncenter\"><img fetchpriority=\"high\" decoding=\"async\" class=\"wp-image-18050 size-large\" src=\"https:\/\/faacz.com.br\/portal\/wp-content\/uploads\/2024\/10\/ENCONTRO-600x600.png\" alt=\"\" width=\"600\" height=\"600\" \/><figcaption id=\"caption-attachment-18050\" class=\"wp-caption-text\">Os interessados devem se inscrever no link: <a href=\"http:\/\/encurtador.com.br\/ivGPQ\">encurtador.com.br\/ivGPQ<\/a><\/figcaption><\/figure>\n<p>A FAACZ, por meio do curso de Psicologia, realizar\u00e1, na pr\u00f3xima quarta-feira (12), entre 19h30 e 21h30 oficinas tem\u00e1ticas como atividades do I Encontro Regional sobre o TEA. O tema do Encontro deste ano \u00e9 &#8220;Conhecer, Respeitar e Acolher&#8221;.<\/p>\n<p>&nbsp;<\/p>\n<p>Podem se inscrever, entre 06 e 12 de abril, estudantes dos cursos de Psicologia, Enfermagem e Direito, al\u00e9m de todas as pessoas de Aracruz e regi\u00e3o que estejam interessadas na tem\u00e1tica.\u00a0 <a href=\"http:\/\/encurtador.com.br\/ivGPQ\"><strong>CLIQUE AQUI PARA SE INSCREVER!<\/strong><\/a><\/p>\n<p>&nbsp;<\/p>\n<p>No ato da inscri\u00e7\u00e3o, o interessado em participar dever\u00e1 registrar em ordem de interesse as oficinas em que deseja se inscrever (Ex.: 1 para a oficina que tem mais interesse em participar e 5 para a que tem menos interesse). Completado o n\u00famero de vagas (30 por oficina) na oficina em que ele deseja realizar, o inscrito ser\u00e1 alocado, pela organiza\u00e7\u00e3o do evento, em outra oficina que seja tamb\u00e9m de seu interesse. Haver\u00e1 lista na porta das salas contendo o nome dos participantes de cada oficina, bem como ser\u00e3o avisados por e-mail at\u00e9 o fim da tarde do dia 12\/04.<\/p>\n<p>&nbsp;<\/p>\n<p>Ao final das oficinas, todos os participantes receber\u00e3o certificado com carga hor\u00e1ria de 2h de atividades.<\/p>\n<p>&nbsp;<\/p>\n<p>Venha participar conosco!<\/p>\n<p>&nbsp;<\/p>\n<p data-wahfont=\"16\"><em><strong>Texto: Setor de Comunica\u00e7\u00e3o<\/strong><\/em><strong><br \/>\n<\/strong><em>E-mail: comunicacao@fsjb.edu.br<\/em><em><\/p>\n<p><\/em><\/p>\n<p data-wahfont=\"16\"><em>\u00a0<\/em><\/p>\n<p data-wahfont=\"16\"><em>Data da publica\u00e7\u00e3o: 06\/04\/2023<\/em><\/p>\n","protected":false},"excerpt":{"rendered":"<p>A FAACZ, por meio do curso de Psicologia, realizar\u00e1, na pr\u00f3xima quarta-feira (12), entre 19h30 e 21h30 oficinas tem\u00e1ticas como atividades do I Encontro Regional sobre o TEA. O tema do Encontro deste ano \u00e9 &#8220;Conhecer, Respeitar e Acolher&#8221;. &nbsp; Podem se inscrever, entre 06 e 12 de abril, estudantes dos cursos de Psicologia, Enfermagem e Direito, al\u00e9m de todas as pessoas de Aracruz e regi\u00e3o que estejam interessadas na tem\u00e1tica.\u00a0 CLIQUE AQUI PARA SE INSCREVER! &nbsp; No ato da inscri\u00e7\u00e3o, o interessado em participar dever\u00e1 registrar em ordem de interesse as oficinas em que deseja se inscrever (Ex.: 1 para a oficina que tem mais interesse em participar e 5 para a que tem menos interesse). Completado o n\u00famero de vagas (30 por oficina) na oficina em que ele deseja realizar, o inscrito ser\u00e1 alocado, pela organiza\u00e7\u00e3o do evento, em outra oficina que seja tamb\u00e9m de seu interesse. Haver\u00e1 lista na porta das salas contendo o nome dos participantes de cada oficina, bem como ser\u00e3o avisados por e-mail at\u00e9 o fim da tarde do dia 12\/04. &nbsp; Ao final das oficinas, todos os participantes receber\u00e3o certificado com carga hor\u00e1ria de 2h de atividades. &nbsp; Venha participar conosco! &nbsp; Texto: Setor de Comunica\u00e7\u00e3o E-mail: comunicacao@fsjb.edu.br \u00a0 Data da publica\u00e7\u00e3o: 06\/04\/2023<\/p>\n","protected":false},"author":1,"featured_media":31823,"comment_status":"open","ping_status":"open","sticky":false,"template":"","format":"standard","meta":{"om_disable_all_campaigns":false,"_exactmetrics_skip_tracking":false,"_exactmetrics_sitenote_active":false,"_exactmetrics_sitenote_note":"","_exactmetrics_sitenote_category":0,"_monsterinsights_skip_tracking":false,"_monsterinsights_sitenote_active":false,"_monsterinsights_sitenote_note":"","_monsterinsights_sitenote_category":0,"footnotes":""},"categories":[212],"tags":[],"class_list":["post-31820","post","type-post","status-publish","format-standard","has-post-thumbnail","hentry","category-psicologia"],"aioseo_notices":[],"_links":{"self":[{"href":"https:\/\/faacz.com.br\/portal\/wp-json\/wp\/v2\/posts\/31820"}],"collection":[{"href":"https:\/\/faacz.com.br\/portal\/wp-json\/wp\/v2\/posts"}],"about":[{"href":"https:\/\/faacz.com.br\/portal\/wp-json\/wp\/v2\/types\/post"}],"author":[{"embeddable":true,"href":"https:\/\/faacz.com.br\/portal\/wp-json\/wp\/v2\/users\/1"}],"replies":[{"embeddable":true,"href":"https:\/\/faacz.com.br\/portal\/wp-json\/wp\/v2\/comments?post=31820"}],"version-history":[{"count":1,"href":"https:\/\/faacz.com.br\/portal\/wp-json\/wp\/v2\/posts\/31820\/revisions"}],"predecessor-version":[{"id":31822,"href":"https:\/\/faacz.com.br\/portal\/wp-json\/wp\/v2\/posts\/31820\/revisions\/31822"}],"wp:featuredmedia":[{"embeddable":true,"href":"https:\/\/faacz.com.br\/portal\/wp-json\/wp\/v2\/media\/31823"}],"wp:attachment":[{"href":"https:\/\/faacz.com.br\/portal\/wp-json\/wp\/v2\/media?parent=31820"}],"wp:term":[{"taxonomy":"category","embeddable":true,"href":"https:\/\/faacz.com.br\/portal\/wp-json\/wp\/v2\/categories?post=31820"},{"taxonomy":"post_tag","embeddable":true,"href":"https:\/\/faacz.com.br\/portal\/wp-json\/wp\/v2\/tags?post=31820"}],"curies":[{"name":"wp","href":"https:\/\/api.w.org\/{rel}","templated":true}]}}