{"id":31039,"date":"2022-08-10T20:26:58","date_gmt":"2022-08-10T23:26:58","guid":{"rendered":"https:\/\/faacz.com.br\/portal\/faacz-realiza-um-momento-especial-para-festejar-o-dia-do-estudante\/"},"modified":"2024-10-27T11:51:46","modified_gmt":"2024-10-27T14:51:46","slug":"faacz-realiza-um-momento-especial-para-festejar-o-dia-do-estudante","status":"publish","type":"post","link":"https:\/\/faacz.com.br\/portal\/faacz-realiza-um-momento-especial-para-festejar-o-dia-do-estudante\/","title":{"rendered":"FAACZ realiza um momento especial para festejar o Dia do Estudante"},"content":{"rendered":"<figure id=\"attachment_16873\" aria-describedby=\"caption-attachment-16873\" style=\"width: 600px\" class=\"wp-caption aligncenter\"><img fetchpriority=\"high\" decoding=\"async\" class=\"size-full wp-image-16873\" src=\"https:\/\/faacz.com.br\/portal\/wp-content\/uploads\/2024\/10\/foto_10_08_2022_01.jpg\" alt=\"\" width=\"600\" height=\"450\" \/><figcaption id=\"caption-attachment-16873\" class=\"wp-caption-text\">Fotos: Alessandro Bitti<\/figcaption><\/figure>\n<p>Para comemorar o <strong><a href=\"https:\/\/brasilescola.uol.com.br\/datas-comemorativas\/dia-estudante.htm\" target=\"_blank\" rel=\"noopener noreferrer\">Dia do Estudante<\/a><\/strong>, celebrado em 11 de agosto, a <a href=\"https:\/\/faacz.kedu.srv.br\/\" target=\"_blank\" rel=\"noopener noreferrer\"><strong>FAACZ<\/strong><\/a> realizou um momento de intera\u00e7\u00e3o e descontra\u00e7\u00e3o para os estudantes dos v\u00e1rios cursos de gradua\u00e7\u00e3o. A \u201cNoite dos Estudantes\u201d aconteceu na quadra poliesportiva da faculdade, no \u00faltimo dia 09, e contou com a presen\u00e7a de professores e funcion\u00e1rios t\u00e9cnicos-administrativos e operacionais.<\/p>\n<p>&nbsp;<\/p>\n<p>Tamb\u00e9m marcaram presen\u00e7a no evento, a diretora acad\u00eamica da FAACZ, prof.\u00aa Adriana Recla Sarcinelli, a presidente da Funda\u00e7\u00e3o S\u00e3o Jo\u00e3o Batista (FSJB), Celi Cabral e o diretor executivo da FSJB, prof. M\u00e9riton Soares da Silva.<\/p>\n<p><img decoding=\"async\" class=\"aligncenter size-full wp-image-16874\" src=\"https:\/\/faacz.com.br\/portal\/wp-content\/uploads\/2024\/10\/foto_10_08_2022_03.jpg\" alt=\"\" width=\"600\" height=\"450\" \/><\/p>\n<p>Para oportunizar aos universit\u00e1rios uma experi\u00eancia inovadora a faculdade, em parceria com sua mantenedora, a FSJB, e a Viva Eventos, disponibilizou a cria\u00e7\u00e3o de v\u00eddeos, no formato 360\u00ba, dando aos universit\u00e1rios a possibilidade de distribui\u00e7\u00e3o desse tipo de conte\u00fado em suas pr\u00f3prias redes sociais.<\/p>\n<p>&nbsp;<\/p>\n<p>Al\u00e9m disso, a comunidade acad\u00eamica da faculdade pode se divertir com o ping pong de copos e concorrer a alguns pr\u00eamios, como: squeeze, copos e canetas personalizadas. E, para trazer \u00e0 mem\u00f3ria afetiva dos participantes desse momento, um gostinho a mais da inf\u00e2ncia, a faculdade fez a distribui\u00e7\u00e3o de pipocas.<\/p>\n<p>&nbsp;<\/p>\n<p><em>\u201cComemorar o Dia do Estudante vai muito al\u00e9m de uma simples atividade. Esse evento busca sempre valorizar, motivar e, principalmente, incentivar o protagonismo do aluno nos estudos, refor\u00e7ando assim, o prop\u00f3sito educacional da FAACZ\u201d, <\/em>afirmou o coordenador dos cursos de Administra\u00e7\u00e3o e Ci\u00eancias Cont\u00e1beis, prof. Robson Moro Aioffi.<\/p>\n<p><img decoding=\"async\" class=\"aligncenter size-full wp-image-16875\" src=\"https:\/\/faacz.com.br\/portal\/wp-content\/uploads\/2024\/10\/foto_10_08_2022_02.jpg\" alt=\"\" width=\"600\" height=\"450\" \/><\/p>\n<p>Para a estudante do 8\u00ba per\u00edodo de Ci\u00eancias Cont\u00e1beis, Millena Carolina Ramos Sarti, o momento oportunizado pela faculdade foi bem legal, divertido e possibilitou a intera\u00e7\u00e3o entre turmas.<\/p>\n<p>&nbsp;<\/p>\n<p><em>\u201cGostei bastante de ver todo mundo participando. \u00c9 esse tipo de evento que a faculdade promove que os jovens gostam, pois \u00e9 muito divertido. \u00c9 a oportunidade de sairmos, um pouco da sala de aula, para um momento de descontra\u00e7\u00e3o. Sem contar que, para n\u00f3s, que somos do \u00faltimo per\u00edodo do curso \u00e9 algo que iremos levar com carinho da faculdade\u201d, <\/em>destacou a universit\u00e1ria.<\/p>\n<p><em>\u00a0<\/em><\/p>\n<p>De acordo com a, tamb\u00e9m, estudante do 8\u00ba per\u00edodo de Ci\u00eancias Cont\u00e1beis, Let\u00edcia Locatelli de Almeida, fazia algum tempo que n\u00e3o t\u00ednhamos na faculdade momentos como este, especialmente, no per\u00edodo de pandemia.<\/p>\n<p>&nbsp;<\/p>\n<p><em>\u201cEsse momento que a faculdade organizou foi muito legal e divertido. Sem contar que o foco \u00e9 o Dia do Estudante: o nosso dia. Como estou finalizando o curso, acredito que o que mais terei saudade \u00e9 da intera\u00e7\u00e3o entre as pessoas, alunos e professores, o v\u00ednculo e o carinho que criamos por elas\u201d, <\/em>afirmou a estudante de Ci\u00eancias Cont\u00e1beis.<\/p>\n<p>&nbsp;<\/p>\n<p><em><strong>Texto: Alessandro Bitti<\/strong><\/em><strong><br \/>\n<\/strong><em>E-mail: comunicacao@fsjb.edu.br<\/em><em><br \/>\nalessandro@fsjb.edu.br<\/em><\/p>\n","protected":false},"excerpt":{"rendered":"<p>Para comemorar o Dia do Estudante, celebrado em 11 de agosto, a FAACZ realizou um momento de intera\u00e7\u00e3o e descontra\u00e7\u00e3o para os estudantes dos v\u00e1rios cursos de gradua\u00e7\u00e3o. A \u201cNoite dos Estudantes\u201d aconteceu na quadra poliesportiva da faculdade, no \u00faltimo dia 09, e contou com a presen\u00e7a de professores e funcion\u00e1rios t\u00e9cnicos-administrativos e operacionais. &nbsp; Tamb\u00e9m marcaram presen\u00e7a no evento, a diretora acad\u00eamica da FAACZ, prof.\u00aa Adriana Recla Sarcinelli, a presidente da Funda\u00e7\u00e3o S\u00e3o Jo\u00e3o Batista (FSJB), Celi Cabral e o diretor executivo da FSJB, prof. M\u00e9riton Soares da Silva. Para oportunizar aos universit\u00e1rios uma experi\u00eancia inovadora a faculdade, em parceria com sua mantenedora, a FSJB, e a Viva Eventos, disponibilizou a cria\u00e7\u00e3o de v\u00eddeos, no formato 360\u00ba, dando aos universit\u00e1rios a possibilidade de distribui\u00e7\u00e3o desse tipo de conte\u00fado em suas pr\u00f3prias redes sociais. &nbsp; Al\u00e9m disso, a comunidade acad\u00eamica da faculdade pode se divertir com o ping pong de copos e concorrer a alguns pr\u00eamios, como: squeeze, copos e canetas personalizadas. E, para trazer \u00e0 mem\u00f3ria afetiva dos participantes desse momento, um gostinho a mais da inf\u00e2ncia, a faculdade fez a distribui\u00e7\u00e3o de pipocas. &nbsp; \u201cComemorar o Dia do Estudante vai muito al\u00e9m de uma simples atividade. Esse evento busca sempre valorizar, motivar e, principalmente, incentivar o protagonismo do aluno nos estudos, refor\u00e7ando assim, o prop\u00f3sito educacional da FAACZ\u201d, afirmou o coordenador dos cursos de Administra\u00e7\u00e3o e Ci\u00eancias Cont\u00e1beis, prof. Robson Moro Aioffi. Para a estudante do 8\u00ba per\u00edodo de Ci\u00eancias Cont\u00e1beis, Millena Carolina Ramos Sarti, o momento oportunizado pela faculdade foi bem legal, divertido e possibilitou a intera\u00e7\u00e3o entre turmas. &nbsp; \u201cGostei bastante de ver todo mundo participando. \u00c9 esse tipo de evento que a faculdade promove que os jovens gostam, pois \u00e9 muito divertido. \u00c9 a oportunidade de sairmos, um pouco da sala de aula, para um momento de descontra\u00e7\u00e3o. Sem contar que, para n\u00f3s, que somos do \u00faltimo per\u00edodo do curso \u00e9 algo que iremos levar com carinho da faculdade\u201d, destacou a universit\u00e1ria. \u00a0 De acordo com a, tamb\u00e9m, estudante do 8\u00ba per\u00edodo de Ci\u00eancias Cont\u00e1beis, Let\u00edcia Locatelli de Almeida, fazia algum tempo que n\u00e3o t\u00ednhamos na faculdade momentos como este, especialmente, no per\u00edodo de pandemia. &nbsp; \u201cEsse momento que a faculdade organizou foi muito legal e divertido. Sem contar que o foco \u00e9 o Dia do Estudante: o nosso dia. Como estou finalizando o curso, acredito que o que mais terei saudade \u00e9 da intera\u00e7\u00e3o entre as pessoas, alunos e professores, o v\u00ednculo e o carinho que criamos por elas\u201d, afirmou a estudante de Ci\u00eancias Cont\u00e1beis. &nbsp; Texto: Alessandro Bitti E-mail: comunicacao@fsjb.edu.br alessandro@fsjb.edu.br<\/p>\n","protected":false},"author":2,"featured_media":31040,"comment_status":"open","ping_status":"open","sticky":false,"template":"","format":"standard","meta":{"om_disable_all_campaigns":false,"_exactmetrics_skip_tracking":false,"_exactmetrics_sitenote_active":false,"_exactmetrics_sitenote_note":"","_exactmetrics_sitenote_category":0,"_monsterinsights_skip_tracking":false,"_monsterinsights_sitenote_active":false,"_monsterinsights_sitenote_note":"","_monsterinsights_sitenote_category":0,"footnotes":""},"categories":[34],"tags":[],"class_list":["post-31039","post","type-post","status-publish","format-standard","has-post-thumbnail","hentry","category-faacz"],"aioseo_notices":[],"_links":{"self":[{"href":"https:\/\/faacz.com.br\/portal\/wp-json\/wp\/v2\/posts\/31039"}],"collection":[{"href":"https:\/\/faacz.com.br\/portal\/wp-json\/wp\/v2\/posts"}],"about":[{"href":"https:\/\/faacz.com.br\/portal\/wp-json\/wp\/v2\/types\/post"}],"author":[{"embeddable":true,"href":"https:\/\/faacz.com.br\/portal\/wp-json\/wp\/v2\/users\/2"}],"replies":[{"embeddable":true,"href":"https:\/\/faacz.com.br\/portal\/wp-json\/wp\/v2\/comments?post=31039"}],"version-history":[{"count":1,"href":"https:\/\/faacz.com.br\/portal\/wp-json\/wp\/v2\/posts\/31039\/revisions"}],"predecessor-version":[{"id":31043,"href":"https:\/\/faacz.com.br\/portal\/wp-json\/wp\/v2\/posts\/31039\/revisions\/31043"}],"wp:featuredmedia":[{"embeddable":true,"href":"https:\/\/faacz.com.br\/portal\/wp-json\/wp\/v2\/media\/31040"}],"wp:attachment":[{"href":"https:\/\/faacz.com.br\/portal\/wp-json\/wp\/v2\/media?parent=31039"}],"wp:term":[{"taxonomy":"category","embeddable":true,"href":"https:\/\/faacz.com.br\/portal\/wp-json\/wp\/v2\/categories?post=31039"},{"taxonomy":"post_tag","embeddable":true,"href":"https:\/\/faacz.com.br\/portal\/wp-json\/wp\/v2\/tags?post=31039"}],"curies":[{"name":"wp","href":"https:\/\/api.w.org\/{rel}","templated":true}]}}