{"id":28682,"date":"2018-09-25T19:03:12","date_gmt":"2018-09-25T22:03:12","guid":{"rendered":"https:\/\/faacz.com.br\/portal\/estudantes-da-faacz-realizam-acoes-de-sensibilizacao-em-prol-do-setembro-amarelo\/"},"modified":"2024-10-27T11:36:50","modified_gmt":"2024-10-27T14:36:50","slug":"estudantes-da-faacz-realizam-acoes-de-sensibilizacao-em-prol-do-setembro-amarelo","status":"publish","type":"post","link":"https:\/\/faacz.com.br\/portal\/estudantes-da-faacz-realizam-acoes-de-sensibilizacao-em-prol-do-setembro-amarelo\/","title":{"rendered":"Estudantes da FAACZ realizam a\u00e7\u00f5es de sensibiliza\u00e7\u00e3o em prol do Setembro Amarelo"},"content":{"rendered":"<figure id=\"attachment_11424\" aria-describedby=\"caption-attachment-11424\" style=\"width: 600px\" class=\"wp-caption aligncenter\"><img fetchpriority=\"high\" decoding=\"async\" class=\"size-full wp-image-11424\" src=\"https:\/\/faacz.com.br\/portal\/wp-content\/uploads\/2024\/10\/foto_25_09_2018.jpg\" alt=\"\" width=\"600\" height=\"450\" \/><figcaption id=\"caption-attachment-11424\" class=\"wp-caption-text\">Foto: Divulga\u00e7\u00e3o<\/figcaption><\/figure>\n<p>&nbsp;<\/p>\n<p>Para chamar a aten\u00e7\u00e3o da comunidade universit\u00e1ria e da sociedade de Aracruz sobre a campanha \u201cSetembro Amarelo\u201d, que acontece no Brasil desde 2015, estudantes dos cursos de Enfermagem e Pedagogia da FAACZ est\u00e3o promovendo v\u00e1rias a\u00e7\u00f5es de sensibiliza\u00e7\u00e3o com o intuito de mobilizar a sociedade para a preven\u00e7\u00e3o do suic\u00eddio. A atividade tem o apoio do Comit\u00ea de Extens\u00e3o e do N\u00facleo de Orienta\u00e7\u00e3o e Apoio Psicopedag\u00f3gico (NOAPS) da faculdade.<\/p>\n<p>&nbsp;<\/p>\n<p>Os estudantes da FAACZ est\u00e3o indo nas escolas municipais e estaduais de Aracruz, assim como no Hospital e Maternidade S\u00e3o Camilo para falar sobre o suic\u00eddio e cuidados com a sa\u00fade mental, por meio de rodas de conversa e palestras. Ana Clara da Silva Ferraz, aluna da 1\u00aa S\u00e9rie do Ensino da escola Misael Pinto Netto acha importante esse tipo de a\u00e7\u00e3o<em>. \u201cQuando tocamos na ferida de algu\u00e9m e estamos abertos a ouvir suas ang\u00fastias podemos salvar uma vida\u201d, <\/em>disse a estudante da rede estadual de ensino.<\/p>\n<p><em>\u00a0<\/em><\/p>\n<p><em>\u201cPor mais que seja trabalhada a preven\u00e7\u00e3o do suic\u00eddio ainda \u00e9 pouco. O Setembro Amarelo \u00e9 apenas um alerta. Emissoras de R\u00e1dio e TVs, assim como os meios de comunica\u00e7\u00e3o em geral, precisam abordar mais esse assunto. Afinal, precisamos estar atentos a este transtorno e o que ele pode trazer para humanidade. Quero agradecer \u00e0s r\u00e1dios de Aracruz que oportunizaram esse momento de reflex\u00e3o e sensibiliza\u00e7\u00e3o junto \u00e0 popula\u00e7\u00e3o. A humanidade est\u00e1 doente. Doente de afeto, de fam\u00edlia, de representa\u00e7\u00e3o. Por isso, a FAACZ junto com seus alunos abra\u00e7ou essa causa em prol de um bem maior. Sabe por qu\u00ea? Porque precisamos falar sobre o suic\u00eddio e salvar vidas\u201d,<\/em> ressaltou a professora Marta Rossoni.<\/p>\n<p>&nbsp;<\/p>\n<p>O encerramento da a\u00e7\u00e3o de sensibiliza\u00e7\u00e3o acontece no audit\u00f3rio da FAACZ, nesta quarta-feira, 26 de setembro, a partir das 19 horas, com palestra direcionada para a comunidade universit\u00e1ria da faculdade, abordando os temas: Depress\u00e3o, ansiedade e suic\u00eddio.<\/p>\n<p>&nbsp;<\/p>\n<p><em><strong>Texto: Alessandro Bitti<\/strong><\/em><br \/>\n <em>E-mail: comunicacao@fsjb.edu.br<\/em><em><br \/>\n alessandro@fsjb.edu.br<\/em><\/p>\n<p>&nbsp;<\/p>\n<p>&nbsp;<\/p>\n","protected":false},"excerpt":{"rendered":"<p>&nbsp; Para chamar a aten\u00e7\u00e3o da comunidade universit\u00e1ria e da sociedade de Aracruz sobre a campanha \u201cSetembro Amarelo\u201d, que acontece no Brasil desde 2015, estudantes dos cursos de Enfermagem e Pedagogia da FAACZ est\u00e3o promovendo v\u00e1rias a\u00e7\u00f5es de sensibiliza\u00e7\u00e3o com o intuito de mobilizar a sociedade para a preven\u00e7\u00e3o do suic\u00eddio. A atividade tem o apoio do Comit\u00ea de Extens\u00e3o e do N\u00facleo de Orienta\u00e7\u00e3o e Apoio Psicopedag\u00f3gico (NOAPS) da faculdade. &nbsp; Os estudantes da FAACZ est\u00e3o indo nas escolas municipais e estaduais de Aracruz, assim como no Hospital e Maternidade S\u00e3o Camilo para falar sobre o suic\u00eddio e cuidados com a sa\u00fade mental, por meio de rodas de conversa e palestras. Ana Clara da Silva Ferraz, aluna da 1\u00aa S\u00e9rie do Ensino da escola Misael Pinto Netto acha importante esse tipo de a\u00e7\u00e3o. \u201cQuando tocamos na ferida de algu\u00e9m e estamos abertos a ouvir suas ang\u00fastias podemos salvar uma vida\u201d, disse a estudante da rede estadual de ensino. \u00a0 \u201cPor mais que seja trabalhada a preven\u00e7\u00e3o do suic\u00eddio ainda \u00e9 pouco. O Setembro Amarelo \u00e9 apenas um alerta. Emissoras de R\u00e1dio e TVs, assim como os meios de comunica\u00e7\u00e3o em geral, precisam abordar mais esse assunto. Afinal, precisamos estar atentos a este transtorno e o que ele pode trazer para humanidade. Quero agradecer \u00e0s r\u00e1dios de Aracruz que oportunizaram esse momento de reflex\u00e3o e sensibiliza\u00e7\u00e3o junto \u00e0 popula\u00e7\u00e3o. A humanidade est\u00e1 doente. Doente de afeto, de fam\u00edlia, de representa\u00e7\u00e3o. Por isso, a FAACZ junto com seus alunos abra\u00e7ou essa causa em prol de um bem maior. Sabe por qu\u00ea? Porque precisamos falar sobre o suic\u00eddio e salvar vidas\u201d, ressaltou a professora Marta Rossoni. &nbsp; O encerramento da a\u00e7\u00e3o de sensibiliza\u00e7\u00e3o acontece no audit\u00f3rio da FAACZ, nesta quarta-feira, 26 de setembro, a partir das 19 horas, com palestra direcionada para a comunidade universit\u00e1ria da faculdade, abordando os temas: Depress\u00e3o, ansiedade e suic\u00eddio. &nbsp; Texto: Alessandro Bitti E-mail: comunicacao@fsjb.edu.br alessandro@fsjb.edu.br &nbsp; &nbsp;<\/p>\n","protected":false},"author":2,"featured_media":28683,"comment_status":"open","ping_status":"open","sticky":false,"template":"","format":"standard","meta":{"om_disable_all_campaigns":false,"_exactmetrics_skip_tracking":false,"_exactmetrics_sitenote_active":false,"_exactmetrics_sitenote_note":"","_exactmetrics_sitenote_category":0,"_monsterinsights_skip_tracking":false,"_monsterinsights_sitenote_active":false,"_monsterinsights_sitenote_note":"","_monsterinsights_sitenote_category":0,"footnotes":""},"categories":[188],"tags":[],"class_list":["post-28682","post","type-post","status-publish","format-standard","has-post-thumbnail","hentry","category-comite-de-extensao"],"aioseo_notices":[],"_links":{"self":[{"href":"https:\/\/faacz.com.br\/portal\/wp-json\/wp\/v2\/posts\/28682"}],"collection":[{"href":"https:\/\/faacz.com.br\/portal\/wp-json\/wp\/v2\/posts"}],"about":[{"href":"https:\/\/faacz.com.br\/portal\/wp-json\/wp\/v2\/types\/post"}],"author":[{"embeddable":true,"href":"https:\/\/faacz.com.br\/portal\/wp-json\/wp\/v2\/users\/2"}],"replies":[{"embeddable":true,"href":"https:\/\/faacz.com.br\/portal\/wp-json\/wp\/v2\/comments?post=28682"}],"version-history":[{"count":1,"href":"https:\/\/faacz.com.br\/portal\/wp-json\/wp\/v2\/posts\/28682\/revisions"}],"predecessor-version":[{"id":28684,"href":"https:\/\/faacz.com.br\/portal\/wp-json\/wp\/v2\/posts\/28682\/revisions\/28684"}],"wp:featuredmedia":[{"embeddable":true,"href":"https:\/\/faacz.com.br\/portal\/wp-json\/wp\/v2\/media\/28683"}],"wp:attachment":[{"href":"https:\/\/faacz.com.br\/portal\/wp-json\/wp\/v2\/media?parent=28682"}],"wp:term":[{"taxonomy":"category","embeddable":true,"href":"https:\/\/faacz.com.br\/portal\/wp-json\/wp\/v2\/categories?post=28682"},{"taxonomy":"post_tag","embeddable":true,"href":"https:\/\/faacz.com.br\/portal\/wp-json\/wp\/v2\/tags?post=28682"}],"curies":[{"name":"wp","href":"https:\/\/api.w.org\/{rel}","templated":true}]}}