{"id":28406,"date":"2018-03-28T22:40:37","date_gmt":"2018-03-29T01:40:37","guid":{"rendered":"https:\/\/faacz.com.br\/portal\/roda-de-conversa-alunos-de-administracao-promovem-bate-papo-sobre-exploracao-sexual-de-criancas-e-adolescentes\/"},"modified":"2024-10-27T11:35:30","modified_gmt":"2024-10-27T14:35:30","slug":"roda-de-conversa-alunos-de-administracao-promovem-bate-papo-sobre-exploracao-sexual-de-criancas-e-adolescentes","status":"publish","type":"post","link":"https:\/\/faacz.com.br\/portal\/roda-de-conversa-alunos-de-administracao-promovem-bate-papo-sobre-exploracao-sexual-de-criancas-e-adolescentes\/","title":{"rendered":"Roda de Conversa: Alunos de Administra\u00e7\u00e3o promovem bate-papo sobre explora\u00e7\u00e3o sexual de crian\u00e7as e adolescentes"},"content":{"rendered":"<figure id=\"attachment_10374\" aria-describedby=\"caption-attachment-10374\" style=\"width: 600px\" class=\"wp-caption aligncenter\"><img fetchpriority=\"high\" decoding=\"async\" class=\"size-full wp-image-10374\" src=\"https:\/\/faacz.com.br\/portal\/wp-content\/uploads\/2024\/10\/foto_02_28_03_2018.jpg\" alt=\"\" width=\"600\" height=\"450\" \/><figcaption id=\"caption-attachment-10374\" class=\"wp-caption-text\">Foto: Ariel Cerri<\/figcaption><\/figure>\n<p>&nbsp;<\/p>\n<p>Os estudantes do 7\u00ba Per\u00edodo de Administra\u00e7\u00e3o da FAACZ, Kamila de Souza Santos Calheiros; Marcela Barbosa Marastoni; Brunna Campagnaro Alves;\u00a0Fernanda Testa Klein e Gabriel Segatto Freire, realizaram ontem (27\/03), \u00e0 noite, no audit\u00f3rio da faculdade uma Roda de Conversa. Os universit\u00e1rios convidaram a psic\u00f3loga Let\u00edcia Campagnaro e a assistente social Jaiane Loureiro, da Secretaria de Desenvolvimento Social e Trabalho da Prefeitura de Aracruz, para falarem sobre o tema \u201cConscientiza\u00e7\u00e3o e Combate no Abuso e Explora\u00e7\u00e3o Sexual de Crian\u00e7as e Adolescentes\u201d.<\/p>\n<p>&nbsp;<\/p>\n<p>A Roda de Conversa organizada pelos estudantes de Administra\u00e7\u00e3o em forma de Microprojeto faz parte do aprendizado dos universit\u00e1rios <em>in loco,<\/em> do conte\u00fado ministrado pelo prof. Alex Sandro Ferreira Bernardes, na disciplina de Gest\u00e3o e Responsabilidade Social. Durante o bate-papo, a assistente social e a psic\u00f3loga explicaram que o dia 18 de maio \u00e9 o Dia Nacional de Combate ao Abuso e \u00e0 Explora\u00e7\u00e3o Sexual contra Crian\u00e7a e Adolescente e est\u00e1 institu\u00eddo pela Lei Federal 9.970\/2000, com o objetivo de mobilizar a sociedade e convoc\u00e1-la para o engajamento pelos direitos da crian\u00e7a e adolescente e na luta pelo fim da viol\u00eancia sexual.<\/p>\n<p>&nbsp;<\/p>\n<p>O p\u00fablico presente formado por professores e alunos dos cursos de Pedagogia (1\u00ba Ciclo, M\u00f3dulo IV); Engenharia Mec\u00e2nica (7\u00ba Per\u00edodo); Enfermagem (1\u00ba Ciclo, M\u00f3dulo I) e Administra\u00e7\u00e3o (1\u00ba Ciclo, M\u00f3dulos II e III e 7\u00ba Per\u00edodo) ficaram atentos aos dados apresentados e as informa\u00e7\u00f5es sobre os registros de casos de viol\u00eancia sexual infantil no Brasil, no Esp\u00edrito Santo e no munic\u00edpio de Aracruz, que entre 2008 e 2017 registrou 374 casos de abuso sexual contra crian\u00e7as e adolescentes no Centro de Refer\u00eancia Especializado da Assist\u00eancia Social (Creas).<\/p>\n<p>&nbsp;<\/p>\n<p>Tamb\u00e9m marcaram presen\u00e7a no evento, o secret\u00e1rio de Administra\u00e7\u00e3o e Recursos Humanos, Luciano Forrechi e a secret\u00e1ria de Desenvolvimento Social e Trabalho, Rosilene Filipe dos Santos, ambos da Prefeitura de Aracruz e o coordenador dos cursos de Administra\u00e7\u00e3o e Ci\u00eancias Cont\u00e1beis da FAACZ, prof. Izaque Vieira Ribeiro.<\/p>\n<p>&nbsp;<\/p>\n<p><strong>Saiba a opini\u00e3o de quem participou da Roda de Conversa<\/strong><em> <br \/>\n<\/em><\/p>\n<p><em>\u201cO tema abordado \u00e9 de suma import\u00e2ncia devido a relev\u00e2ncia na sociedade, pois influ\u00eancia a vida de nossas crian\u00e7as e adolescentes, seres em desenvolvimento. Na oportunidade de falar do tema conseguimos alcan\u00e7ar mais pessoas e conscientiz\u00e1-las, contribuindo para erradicar tal problema\u201d, <\/em>Let\u00edcia Campagnaro, psic\u00f3loga da Prefeitura de Aracruz.<\/p>\n<p>&nbsp;<\/p>\n<p><em>\u201cO assunto abordado no bate-papo foi um tanto pol\u00eamico, mais que deve ser trazido para a realidade de nossa sociedade. Afinal, o crescimento dos \u00edndices \u00e9 um tanto assustador, e muitas pessoas ainda n\u00e3o sabem como &#8220;reagir&#8221; a essa situa\u00e7\u00e3o e qual o atendimento pode ser prestado e qual o apoio a ser dado. Foi bastante enriquecedor, gostaria de parabenizar e agradecer aos palestrantes e ao grupo pelo \u00f3timo desenvolvimento do microprojeto\u201d, <\/em>Isabela Barbosa Francisco, aluna do 7\u00ba Per\u00edodo de Administra\u00e7\u00e3o.<\/p>\n<p>&nbsp;<\/p>\n<p><em><strong>Texto: Alessandro Bitti<\/strong><\/em><strong><br \/>\n <\/strong><em>E-mail: comunicacao@fsjb.edu.br<\/em><em><br \/>\n alessandro@fsjb.edu.br<\/em><\/p>\n<p>&nbsp;<\/p>\n<p>&nbsp;<\/p>\n","protected":false},"excerpt":{"rendered":"<p>&nbsp; Os estudantes do 7\u00ba Per\u00edodo de Administra\u00e7\u00e3o da FAACZ, Kamila de Souza Santos Calheiros; Marcela Barbosa Marastoni; Brunna Campagnaro Alves;\u00a0Fernanda Testa Klein e Gabriel Segatto Freire, realizaram ontem (27\/03), \u00e0 noite, no audit\u00f3rio da faculdade uma Roda de Conversa. Os universit\u00e1rios convidaram a psic\u00f3loga Let\u00edcia Campagnaro e a assistente social Jaiane Loureiro, da Secretaria de Desenvolvimento Social e Trabalho da Prefeitura de Aracruz, para falarem sobre o tema \u201cConscientiza\u00e7\u00e3o e Combate no Abuso e Explora\u00e7\u00e3o Sexual de Crian\u00e7as e Adolescentes\u201d. &nbsp; A Roda de Conversa organizada pelos estudantes de Administra\u00e7\u00e3o em forma de Microprojeto faz parte do aprendizado dos universit\u00e1rios in loco, do conte\u00fado ministrado pelo prof. Alex Sandro Ferreira Bernardes, na disciplina de Gest\u00e3o e Responsabilidade Social. Durante o bate-papo, a assistente social e a psic\u00f3loga explicaram que o dia 18 de maio \u00e9 o Dia Nacional de Combate ao Abuso e \u00e0 Explora\u00e7\u00e3o Sexual contra Crian\u00e7a e Adolescente e est\u00e1 institu\u00eddo pela Lei Federal 9.970\/2000, com o objetivo de mobilizar a sociedade e convoc\u00e1-la para o engajamento pelos direitos da crian\u00e7a e adolescente e na luta pelo fim da viol\u00eancia sexual. &nbsp; O p\u00fablico presente formado por professores e alunos dos cursos de Pedagogia (1\u00ba Ciclo, M\u00f3dulo IV); Engenharia Mec\u00e2nica (7\u00ba Per\u00edodo); Enfermagem (1\u00ba Ciclo, M\u00f3dulo I) e Administra\u00e7\u00e3o (1\u00ba Ciclo, M\u00f3dulos II e III e 7\u00ba Per\u00edodo) ficaram atentos aos dados apresentados e as informa\u00e7\u00f5es sobre os registros de casos de viol\u00eancia sexual infantil no Brasil, no Esp\u00edrito Santo e no munic\u00edpio de Aracruz, que entre 2008 e 2017 registrou 374 casos de abuso sexual contra crian\u00e7as e adolescentes no Centro de Refer\u00eancia Especializado da Assist\u00eancia Social (Creas). &nbsp; Tamb\u00e9m marcaram presen\u00e7a no evento, o secret\u00e1rio de Administra\u00e7\u00e3o e Recursos Humanos, Luciano Forrechi e a secret\u00e1ria de Desenvolvimento Social e Trabalho, Rosilene Filipe dos Santos, ambos da Prefeitura de Aracruz e o coordenador dos cursos de Administra\u00e7\u00e3o e Ci\u00eancias Cont\u00e1beis da FAACZ, prof. Izaque Vieira Ribeiro. &nbsp; Saiba a opini\u00e3o de quem participou da Roda de Conversa \u201cO tema abordado \u00e9 de suma import\u00e2ncia devido a relev\u00e2ncia na sociedade, pois influ\u00eancia a vida de nossas crian\u00e7as e adolescentes, seres em desenvolvimento. Na oportunidade de falar do tema conseguimos alcan\u00e7ar mais pessoas e conscientiz\u00e1-las, contribuindo para erradicar tal problema\u201d, Let\u00edcia Campagnaro, psic\u00f3loga da Prefeitura de Aracruz. &nbsp; \u201cO assunto abordado no bate-papo foi um tanto pol\u00eamico, mais que deve ser trazido para a realidade de nossa sociedade. Afinal, o crescimento dos \u00edndices \u00e9 um tanto assustador, e muitas pessoas ainda n\u00e3o sabem como &#8220;reagir&#8221; a essa situa\u00e7\u00e3o e qual o atendimento pode ser prestado e qual o apoio a ser dado. Foi bastante enriquecedor, gostaria de parabenizar e agradecer aos palestrantes e ao grupo pelo \u00f3timo desenvolvimento do microprojeto\u201d, Isabela Barbosa Francisco, aluna do 7\u00ba Per\u00edodo de Administra\u00e7\u00e3o. &nbsp; Texto: Alessandro Bitti E-mail: comunicacao@fsjb.edu.br alessandro@fsjb.edu.br &nbsp; &nbsp;<\/p>\n","protected":false},"author":2,"featured_media":28407,"comment_status":"open","ping_status":"open","sticky":false,"template":"","format":"standard","meta":{"om_disable_all_campaigns":false,"_exactmetrics_skip_tracking":false,"_exactmetrics_sitenote_active":false,"_exactmetrics_sitenote_note":"","_exactmetrics_sitenote_category":0,"_monsterinsights_skip_tracking":false,"_monsterinsights_sitenote_active":false,"_monsterinsights_sitenote_note":"","_monsterinsights_sitenote_category":0,"footnotes":""},"categories":[6,201],"tags":[],"class_list":["post-28406","post","type-post","status-publish","format-standard","has-post-thumbnail","hentry","category-administracao","category-graduacao"],"aioseo_notices":[],"_links":{"self":[{"href":"https:\/\/faacz.com.br\/portal\/wp-json\/wp\/v2\/posts\/28406"}],"collection":[{"href":"https:\/\/faacz.com.br\/portal\/wp-json\/wp\/v2\/posts"}],"about":[{"href":"https:\/\/faacz.com.br\/portal\/wp-json\/wp\/v2\/types\/post"}],"author":[{"embeddable":true,"href":"https:\/\/faacz.com.br\/portal\/wp-json\/wp\/v2\/users\/2"}],"replies":[{"embeddable":true,"href":"https:\/\/faacz.com.br\/portal\/wp-json\/wp\/v2\/comments?post=28406"}],"version-history":[{"count":1,"href":"https:\/\/faacz.com.br\/portal\/wp-json\/wp\/v2\/posts\/28406\/revisions"}],"predecessor-version":[{"id":28408,"href":"https:\/\/faacz.com.br\/portal\/wp-json\/wp\/v2\/posts\/28406\/revisions\/28408"}],"wp:featuredmedia":[{"embeddable":true,"href":"https:\/\/faacz.com.br\/portal\/wp-json\/wp\/v2\/media\/28407"}],"wp:attachment":[{"href":"https:\/\/faacz.com.br\/portal\/wp-json\/wp\/v2\/media?parent=28406"}],"wp:term":[{"taxonomy":"category","embeddable":true,"href":"https:\/\/faacz.com.br\/portal\/wp-json\/wp\/v2\/categories?post=28406"},{"taxonomy":"post_tag","embeddable":true,"href":"https:\/\/faacz.com.br\/portal\/wp-json\/wp\/v2\/tags?post=28406"}],"curies":[{"name":"wp","href":"https:\/\/api.w.org\/{rel}","templated":true}]}}