{"id":28122,"date":"2017-10-04T22:09:19","date_gmt":"2017-10-05T01:09:19","guid":{"rendered":"https:\/\/faacz.com.br\/portal\/professora-do-curso-de-pedagogia-apresenta-resultados-de-pesquisa-de-doutorado-em-congresso-nacional\/"},"modified":"2024-10-27T11:34:17","modified_gmt":"2024-10-27T14:34:17","slug":"professora-do-curso-de-pedagogia-apresenta-resultados-de-pesquisa-de-doutorado-em-congresso-nacional","status":"publish","type":"post","link":"https:\/\/faacz.com.br\/portal\/professora-do-curso-de-pedagogia-apresenta-resultados-de-pesquisa-de-doutorado-em-congresso-nacional\/","title":{"rendered":"Professora do curso de Pedagogia apresenta resultados de pesquisa de doutorado em Congresso Nacional"},"content":{"rendered":"<figure id=\"attachment_9323\" aria-describedby=\"caption-attachment-9323\" style=\"width: 320px\" class=\"wp-caption alignleft\"><img fetchpriority=\"high\" decoding=\"async\" class=\"wp-image-9323 size-full\" src=\"https:\/\/faacz.com.br\/portal\/wp-content\/uploads\/2024\/10\/foto2a_04_10_2017.jpg\" alt=\"\" width=\"320\" height=\"488\" \/><figcaption id=\"caption-attachment-9323\" class=\"wp-caption-text\">Foto: Divulga\u00e7\u00e3o<\/figcaption><\/figure>\n<p>Entre os dias 27 e 30 de setembro, a professora do curso de Pedagogia da FAACZ, Rita de C\u00e1ssia Mitleg Kulnig, participou do XIII Congresso Nacional de Psicologia Escolar e Educacional realizado no Campus da Universidade Federal da Bahia (UFBA), em Salvador\/BA. Com o tema \u201cPela Democratiza\u00e7\u00e3o da Educa\u00e7\u00e3o\u201d, o evento reuniu psic\u00f3logos, estudantes, professores, profissionais e pesquisadores de Educa\u00e7\u00e3o, Sa\u00fade e \u00e1reas afins.<\/p>\n<p>&nbsp;<\/p>\n<p>A prof.\u00aa Rita participou como expositora no Simp\u00f3sio \u201cA Diversidade de Express\u00f5es da Dimens\u00e3o Subjetiva da Desigualdade Social na Escola\u201d ao lado das professoras: Dr.\u00aa Ana Merc\u00eas Bahia Bock da Pontif\u00edcia Universidade Cat\u00f3lica de S\u00e3o Paulo (PUC-SP) e Me. Brisa Bejarano Campos da Universidade Ibirapuera (UNIB). Na ocasi\u00e3o, as docentes reuniram trabalhos do grupo de pesquisa \u201cA Dimens\u00e3o Subjetiva da Desigualdade Social: suas Diversas Express\u00f5es\u201d, coordenado pelas professoras doutoras Ana Bock e Maria da Gra\u00e7a Marchina Gon\u00e7alves, com diferentes recortes do estudo da dimens\u00e3o subjetiva da desigualdade social na escola.<\/p>\n<p>&nbsp;<\/p>\n<p>Durante o Simp\u00f3sio foram realizadas tr\u00eas apresenta\u00e7\u00f5es: a primeira, fruto de uma Inicia\u00e7\u00e3o Cient\u00edfica no curso de Psicologia da PUC-SP com moradores de diferentes regi\u00f5es da cidade de S\u00e3o Paulo na qual foram investigadas as compreens\u00f5es sobre o que vem a ser uma boa escola. Na segunda, foram abordados os resultados preliminares de uma pesquisa de doutorado sobre pr\u00e1ticas educativas no processo de escolariza\u00e7\u00e3o das elites a partir do estudo de caso de uma escola no Esp\u00edrito Santo (esta apresenta\u00e7\u00e3o foi um recorte da pesquisa de doutorado que est\u00e1 sendo feita pela prof.\u00aa Rita). Na terceira apresenta\u00e7\u00e3o, foi abordada a dimens\u00e3o subjetiva da desigualdade social expressa na viv\u00eancia escolar de jovens pobres residentes em bairros de alto \u00edndice de exclus\u00e3o social na cidade de S\u00e3o Paulo.<\/p>\n<p>&nbsp;<\/p>\n<p>A professora Rita tamb\u00e9m \u00e9 coautora dos cap\u00edtulos 10 e 11 publicados no livro \u201cA Dimens\u00e3o Subjetiva do Processo Educacional: Uma leitura s\u00f3cio-hist\u00f3rica\u201d, organizado pela prof.\u00aa Dr.\u00aa Wanda Maria Junqueira de Aguiar e pela prof.\u00aa Dr.\u00aa Ana Merc\u00eas Bahia Bock da PUC-SP. Estes trabalhos fazem parte das atividades acad\u00eamicas da prof.\u00aa Rita no doutorado em Psicologia da Educa\u00e7\u00e3o, do Programa de P\u00f3s-gradua\u00e7\u00e3o em Educa\u00e7\u00e3o da Pontif\u00edcia Universidade Cat\u00f3lica de S\u00e3o Paulo.<\/p>\n<p>&nbsp;<\/p>\n<p>O livro da Cortez Editora foi lan\u00e7ado durante o XIII Congresso Nacional de Psicologia Escolar e Educacional e reuni os resultados de pesquisas realizadas dentro do Projeto de Coopera\u00e7\u00e3o Acad\u00eamica (PROCAD) financiado pela CAPES que envolve quatro programas de p\u00f3s-gradua\u00e7\u00e3o: o Programa de Estudos P\u00f3s-graduados em Educa\u00e7\u00e3o: Psicologia da Educa\u00e7\u00e3o da Pontif\u00edcia Universidade Cat\u00f3lica de S\u00e3o Paulo (PUC-SP), o Programa de P\u00f3s-gradua\u00e7\u00e3o em Educa\u00e7\u00e3o da Universidade Federal do Piau\u00ed (UFPI), o Programa de P\u00f3s-gradua\u00e7\u00e3o em Educa\u00e7\u00e3o Brasileira da Universidade Federal de Alagoas (UFAL) e o Programa de P\u00f3s-gradua\u00e7\u00e3o em Educa\u00e7\u00e3o da Universidade do Estado do Rio Grande do Norte (UERN).<\/p>\n<p>&nbsp;<\/p>\n<p><em><strong>Texto: Alessandro Bitti<\/strong><\/em><br \/>\n <em>E-mail: comunicacao@fsjb.edu.br<\/em><em><br \/>\n alessandro@fsjb.edu.br<\/em><\/p>\n<p>&nbsp;<\/p>\n<p>&nbsp;<\/p>\n","protected":false},"excerpt":{"rendered":"<p>Entre os dias 27 e 30 de setembro, a professora do curso de Pedagogia da FAACZ, Rita de C\u00e1ssia Mitleg Kulnig, participou do XIII Congresso Nacional de Psicologia Escolar e Educacional realizado no Campus da Universidade Federal da Bahia (UFBA), em Salvador\/BA. Com o tema \u201cPela Democratiza\u00e7\u00e3o da Educa\u00e7\u00e3o\u201d, o evento reuniu psic\u00f3logos, estudantes, professores, profissionais e pesquisadores de Educa\u00e7\u00e3o, Sa\u00fade e \u00e1reas afins. &nbsp; A prof.\u00aa Rita participou como expositora no Simp\u00f3sio \u201cA Diversidade de Express\u00f5es da Dimens\u00e3o Subjetiva da Desigualdade Social na Escola\u201d ao lado das professoras: Dr.\u00aa Ana Merc\u00eas Bahia Bock da Pontif\u00edcia Universidade Cat\u00f3lica de S\u00e3o Paulo (PUC-SP) e Me. Brisa Bejarano Campos da Universidade Ibirapuera (UNIB). Na ocasi\u00e3o, as docentes reuniram trabalhos do grupo de pesquisa \u201cA Dimens\u00e3o Subjetiva da Desigualdade Social: suas Diversas Express\u00f5es\u201d, coordenado pelas professoras doutoras Ana Bock e Maria da Gra\u00e7a Marchina Gon\u00e7alves, com diferentes recortes do estudo da dimens\u00e3o subjetiva da desigualdade social na escola. &nbsp; Durante o Simp\u00f3sio foram realizadas tr\u00eas apresenta\u00e7\u00f5es: a primeira, fruto de uma Inicia\u00e7\u00e3o Cient\u00edfica no curso de Psicologia da PUC-SP com moradores de diferentes regi\u00f5es da cidade de S\u00e3o Paulo na qual foram investigadas as compreens\u00f5es sobre o que vem a ser uma boa escola. Na segunda, foram abordados os resultados preliminares de uma pesquisa de doutorado sobre pr\u00e1ticas educativas no processo de escolariza\u00e7\u00e3o das elites a partir do estudo de caso de uma escola no Esp\u00edrito Santo (esta apresenta\u00e7\u00e3o foi um recorte da pesquisa de doutorado que est\u00e1 sendo feita pela prof.\u00aa Rita). Na terceira apresenta\u00e7\u00e3o, foi abordada a dimens\u00e3o subjetiva da desigualdade social expressa na viv\u00eancia escolar de jovens pobres residentes em bairros de alto \u00edndice de exclus\u00e3o social na cidade de S\u00e3o Paulo. &nbsp; A professora Rita tamb\u00e9m \u00e9 coautora dos cap\u00edtulos 10 e 11 publicados no livro \u201cA Dimens\u00e3o Subjetiva do Processo Educacional: Uma leitura s\u00f3cio-hist\u00f3rica\u201d, organizado pela prof.\u00aa Dr.\u00aa Wanda Maria Junqueira de Aguiar e pela prof.\u00aa Dr.\u00aa Ana Merc\u00eas Bahia Bock da PUC-SP. Estes trabalhos fazem parte das atividades acad\u00eamicas da prof.\u00aa Rita no doutorado em Psicologia da Educa\u00e7\u00e3o, do Programa de P\u00f3s-gradua\u00e7\u00e3o em Educa\u00e7\u00e3o da Pontif\u00edcia Universidade Cat\u00f3lica de S\u00e3o Paulo. &nbsp; O livro da Cortez Editora foi lan\u00e7ado durante o XIII Congresso Nacional de Psicologia Escolar e Educacional e reuni os resultados de pesquisas realizadas dentro do Projeto de Coopera\u00e7\u00e3o Acad\u00eamica (PROCAD) financiado pela CAPES que envolve quatro programas de p\u00f3s-gradua\u00e7\u00e3o: o Programa de Estudos P\u00f3s-graduados em Educa\u00e7\u00e3o: Psicologia da Educa\u00e7\u00e3o da Pontif\u00edcia Universidade Cat\u00f3lica de S\u00e3o Paulo (PUC-SP), o Programa de P\u00f3s-gradua\u00e7\u00e3o em Educa\u00e7\u00e3o da Universidade Federal do Piau\u00ed (UFPI), o Programa de P\u00f3s-gradua\u00e7\u00e3o em Educa\u00e7\u00e3o Brasileira da Universidade Federal de Alagoas (UFAL) e o Programa de P\u00f3s-gradua\u00e7\u00e3o em Educa\u00e7\u00e3o da Universidade do Estado do Rio Grande do Norte (UERN). &nbsp; Texto: Alessandro Bitti E-mail: comunicacao@fsjb.edu.br alessandro@fsjb.edu.br &nbsp; &nbsp;<\/p>\n","protected":false},"author":2,"featured_media":28055,"comment_status":"open","ping_status":"open","sticky":false,"template":"","format":"standard","meta":{"om_disable_all_campaigns":false,"_exactmetrics_skip_tracking":false,"_exactmetrics_sitenote_active":false,"_exactmetrics_sitenote_note":"","_exactmetrics_sitenote_category":0,"_monsterinsights_skip_tracking":false,"_monsterinsights_sitenote_active":false,"_monsterinsights_sitenote_note":"","_monsterinsights_sitenote_category":0,"footnotes":""},"categories":[201,30],"tags":[],"class_list":["post-28122","post","type-post","status-publish","format-standard","has-post-thumbnail","hentry","category-graduacao","category-pedagogia"],"aioseo_notices":[],"_links":{"self":[{"href":"https:\/\/faacz.com.br\/portal\/wp-json\/wp\/v2\/posts\/28122"}],"collection":[{"href":"https:\/\/faacz.com.br\/portal\/wp-json\/wp\/v2\/posts"}],"about":[{"href":"https:\/\/faacz.com.br\/portal\/wp-json\/wp\/v2\/types\/post"}],"author":[{"embeddable":true,"href":"https:\/\/faacz.com.br\/portal\/wp-json\/wp\/v2\/users\/2"}],"replies":[{"embeddable":true,"href":"https:\/\/faacz.com.br\/portal\/wp-json\/wp\/v2\/comments?post=28122"}],"version-history":[{"count":1,"href":"https:\/\/faacz.com.br\/portal\/wp-json\/wp\/v2\/posts\/28122\/revisions"}],"predecessor-version":[{"id":28124,"href":"https:\/\/faacz.com.br\/portal\/wp-json\/wp\/v2\/posts\/28122\/revisions\/28124"}],"wp:featuredmedia":[{"embeddable":true,"href":"https:\/\/faacz.com.br\/portal\/wp-json\/wp\/v2\/media\/28055"}],"wp:attachment":[{"href":"https:\/\/faacz.com.br\/portal\/wp-json\/wp\/v2\/media?parent=28122"}],"wp:term":[{"taxonomy":"category","embeddable":true,"href":"https:\/\/faacz.com.br\/portal\/wp-json\/wp\/v2\/categories?post=28122"},{"taxonomy":"post_tag","embeddable":true,"href":"https:\/\/faacz.com.br\/portal\/wp-json\/wp\/v2\/tags?post=28122"}],"curies":[{"name":"wp","href":"https:\/\/api.w.org\/{rel}","templated":true}]}}